

{"id":22341,"date":"2014-08-05T12:23:38","date_gmt":"2014-08-05T16:23:38","guid":{"rendered":"https:\/\/depto51.cl\/blog\/?p=22341"},"modified":"2018-03-06T11:57:16","modified_gmt":"2018-03-06T15:57:16","slug":"depto-con-colores-pastel","status":"publish","type":"post","link":"https:\/\/depto51.cl\/blog\/2014\/08\/05\/depto-con-colores-pastel\/","title":{"rendered":"Depto con colores pastel"},"content":{"rendered":"<p>Al mirar este lindo departamento no puedo sacar los ojos de la barra de la cocina revestida con azulejos color pastel. Pero despu\u00e9s me doy cuenta que me gusta todo. Las sillas de la barra, el concreto aparente, la combinaci\u00f3n de la mesa vintage junto a un peque\u00f1o banco amarillo para criar un apoyo lateral m\u00e1s que simp\u00e1tico, la alfombra envejecida por el tiempo (\u00bfo ser\u00e1 que es nueva con cara de usada?), la colecci\u00f3n de platos que brilla en la pared color gris profundo, las l\u00e1mparas colgantes estilo industrial, la pared de peque\u00f1os cuadros en el ba\u00f1o, la sorpresa de una estante en altura con objetos curiosos para observar. Todo deliciosamente combinado haciendo uso de colores pastel y uno que otro toque m\u00e1s intenso y el gris, siempre el elegante y atemporal gris.<\/p>\n<p><a href=\"https:\/\/depto51.cl\/blog\/wp-content\/uploads\/2014\/08\/depto-cores-pastel.jpg\"><img loading=\"lazy\" class=\"alignnone size-full wp-image-22342\" alt=\"depto cores pastel\" src=\"https:\/\/depto51.cl\/blog\/wp-content\/uploads\/2014\/08\/depto-cores-pastel.jpg\" width=\"600\" height=\"796\" srcset=\"https:\/\/depto51.cl\/blog\/wp-content\/uploads\/2014\/08\/depto-cores-pastel.jpg 600w, https:\/\/depto51.cl\/blog\/wp-content\/uploads\/2014\/08\/depto-cores-pastel-376x500.jpg 376w\" sizes=\"(max-width: 600px) 100vw, 600px\" \/><\/a><\/p>\n<p><a href=\"https:\/\/depto51.cl\/blog\/wp-content\/uploads\/2014\/08\/depto-cores-pastel-2.jpg\"><img loading=\"lazy\" class=\"alignnone size-full wp-image-22343\" alt=\"depto cores pastel 2\" src=\"https:\/\/depto51.cl\/blog\/wp-content\/uploads\/2014\/08\/depto-cores-pastel-2.jpg\" width=\"600\" height=\"795\" srcset=\"https:\/\/depto51.cl\/blog\/wp-content\/uploads\/2014\/08\/depto-cores-pastel-2.jpg 600w, https:\/\/depto51.cl\/blog\/wp-content\/uploads\/2014\/08\/depto-cores-pastel-2-377x500.jpg 377w\" sizes=\"(max-width: 600px) 100vw, 600px\" \/><\/a><\/p>\n<p><a href=\"https:\/\/depto51.cl\/blog\/wp-content\/uploads\/2014\/08\/depto-cores-pastel-3.jpg\"><img loading=\"lazy\" class=\"alignnone size-full wp-image-22344\" alt=\"depto cores pastel 3\" src=\"https:\/\/depto51.cl\/blog\/wp-content\/uploads\/2014\/08\/depto-cores-pastel-3.jpg\" width=\"600\" height=\"697\" srcset=\"https:\/\/depto51.cl\/blog\/wp-content\/uploads\/2014\/08\/depto-cores-pastel-3.jpg 600w, https:\/\/depto51.cl\/blog\/wp-content\/uploads\/2014\/08\/depto-cores-pastel-3-430x500.jpg 430w\" sizes=\"(max-width: 600px) 100vw, 600px\" \/><\/a><\/p>\n<p><a href=\"https:\/\/depto51.cl\/blog\/wp-content\/uploads\/2014\/08\/depto-cores-pastel-4.jpg\"><img loading=\"lazy\" class=\"alignnone size-full wp-image-22345\" alt=\"depto cores pastel 4\" src=\"https:\/\/depto51.cl\/blog\/wp-content\/uploads\/2014\/08\/depto-cores-pastel-4.jpg\" width=\"600\" height=\"686\" srcset=\"https:\/\/depto51.cl\/blog\/wp-content\/uploads\/2014\/08\/depto-cores-pastel-4.jpg 600w, https:\/\/depto51.cl\/blog\/wp-content\/uploads\/2014\/08\/depto-cores-pastel-4-437x500.jpg 437w\" sizes=\"(max-width: 600px) 100vw, 600px\" \/><\/a><\/p>\n<p><a href=\"https:\/\/depto51.cl\/blog\/wp-content\/uploads\/2014\/08\/depto-cores-pastel-6.jpg\"><img loading=\"lazy\" class=\"alignnone size-full wp-image-22347\" alt=\"depto cores pastel 6\" src=\"https:\/\/depto51.cl\/blog\/wp-content\/uploads\/2014\/08\/depto-cores-pastel-6.jpg\" width=\"600\" height=\"452\" srcset=\"https:\/\/depto51.cl\/blog\/wp-content\/uploads\/2014\/08\/depto-cores-pastel-6.jpg 600w, https:\/\/depto51.cl\/blog\/wp-content\/uploads\/2014\/08\/depto-cores-pastel-6-500x376.jpg 500w\" sizes=\"(max-width: 600px) 100vw, 600px\" \/><\/a><\/p>\n<p><a href=\"https:\/\/depto51.cl\/blog\/wp-content\/uploads\/2014\/08\/depto-cores-pastel-8.jpg\"><img loading=\"lazy\" class=\"alignnone size-full wp-image-22349\" alt=\"depto cores pastel 8\" src=\"https:\/\/depto51.cl\/blog\/wp-content\/uploads\/2014\/08\/depto-cores-pastel-8.jpg\" width=\"600\" height=\"483\" srcset=\"https:\/\/depto51.cl\/blog\/wp-content\/uploads\/2014\/08\/depto-cores-pastel-8.jpg 600w, https:\/\/depto51.cl\/blog\/wp-content\/uploads\/2014\/08\/depto-cores-pastel-8-500x403.jpg 500w, https:\/\/depto51.cl\/blog\/wp-content\/uploads\/2014\/08\/depto-cores-pastel-8-550x443.jpg 550w\" sizes=\"(max-width: 600px) 100vw, 600px\" \/><\/a><\/p>\n<p><a href=\"https:\/\/depto51.cl\/blog\/wp-content\/uploads\/2014\/08\/depto-cores-pastel-7.jpg\"><img loading=\"lazy\" class=\"alignnone size-full wp-image-22348\" alt=\"depto cores pastel 7\" src=\"https:\/\/depto51.cl\/blog\/wp-content\/uploads\/2014\/08\/depto-cores-pastel-7.jpg\" width=\"600\" height=\"448\" srcset=\"https:\/\/depto51.cl\/blog\/wp-content\/uploads\/2014\/08\/depto-cores-pastel-7.jpg 600w, https:\/\/depto51.cl\/blog\/wp-content\/uploads\/2014\/08\/depto-cores-pastel-7-500x373.jpg 500w\" sizes=\"(max-width: 600px) 100vw, 600px\" \/><\/a><\/p>\n<p><a href=\"https:\/\/depto51.cl\/blog\/wp-content\/uploads\/2014\/08\/depto-cores-pastel-5.jpg\"><img loading=\"lazy\" class=\"alignnone size-full wp-image-22346\" alt=\"depto cores pastel 5\" src=\"https:\/\/depto51.cl\/blog\/wp-content\/uploads\/2014\/08\/depto-cores-pastel-5.jpg\" width=\"600\" height=\"796\" srcset=\"https:\/\/depto51.cl\/blog\/wp-content\/uploads\/2014\/08\/depto-cores-pastel-5.jpg 600w, https:\/\/depto51.cl\/blog\/wp-content\/uploads\/2014\/08\/depto-cores-pastel-5-376x500.jpg 376w\" sizes=\"(max-width: 600px) 100vw, 600px\" \/><\/a><\/p>\n<p>Via <a href=\"http:\/\/casa.abril.com.br\/materia\/pacto-entre-irmaos\" target=\"_blank\">Arquitetura e Constru\u00e7\u00e3o<\/a><\/p>\n","protected":false},"excerpt":{"rendered":"<p>Al mirar este lindo departamento no puedo sacar los ojos de la barra de la cocina revestida con azulejos color pastel. Pero despu\u00e9s me doy cuenta que me gusta todo. Las sillas de la barra, el concreto aparente, la combinaci\u00f3n de la mesa vintage junto a un peque\u00f1o banco amarillo para criar un apoyo lateral&#8230;<\/p>\n","protected":false},"author":21,"featured_media":22349,"comment_status":"open","ping_status":"open","sticky":false,"template":"","format":"standard","meta":[],"categories":[1],"tags":[499,35,465],"acf":[],"_links":{"self":[{"href":"https:\/\/depto51.cl\/blog\/wp-json\/wp\/v2\/posts\/22341"}],"collection":[{"href":"https:\/\/depto51.cl\/blog\/wp-json\/wp\/v2\/posts"}],"about":[{"href":"https:\/\/depto51.cl\/blog\/wp-json\/wp\/v2\/types\/post"}],"author":[{"embeddable":true,"href":"https:\/\/depto51.cl\/blog\/wp-json\/wp\/v2\/users\/21"}],"replies":[{"embeddable":true,"href":"https:\/\/depto51.cl\/blog\/wp-json\/wp\/v2\/comments?post=22341"}],"version-history":[{"count":0,"href":"https:\/\/depto51.cl\/blog\/wp-json\/wp\/v2\/posts\/22341\/revisions"}],"wp:featuredmedia":[{"embeddable":true,"href":"https:\/\/depto51.cl\/blog\/wp-json\/wp\/v2\/media\/22349"}],"wp:attachment":[{"href":"https:\/\/depto51.cl\/blog\/wp-json\/wp\/v2\/media?parent=22341"}],"wp:term":[{"taxonomy":"category","embeddable":true,"href":"https:\/\/depto51.cl\/blog\/wp-json\/wp\/v2\/categories?post=22341"},{"taxonomy":"post_tag","embeddable":true,"href":"https:\/\/depto51.cl\/blog\/wp-json\/wp\/v2\/tags?post=22341"}],"curies":[{"name":"wp","href":"https:\/\/api.w.org\/{rel}","templated":true}]}}