

{"id":21931,"date":"2014-07-28T09:53:21","date_gmt":"2014-07-28T13:53:21","guid":{"rendered":"https:\/\/depto51.cl\/blog\/?p=21931"},"modified":"2014-08-03T21:00:16","modified_gmt":"2014-08-04T01:00:16","slug":"maria-jose-y-martin-periodista-y-musico","status":"publish","type":"post","link":"https:\/\/depto51.cl\/blog\/2014\/07\/28\/maria-jose-y-martin-periodista-y-musico\/","title":{"rendered":"Mar\u00eda Jos\u00e9 y Mart\u00edn, periodista y m\u00fasico"},"content":{"rendered":"<p>Elementos de cultura pop como afiches de pel\u00edculas y discos, lindos objetos de mimbre, colores fuertes y mucha luz podemos ver en el precioso departamento de la periodista de Revista Paula Mar\u00eda Jos\u00e9 Salas y el m\u00fasico de la banda <a href=\"http:\/\/asesfalsos.cl\" target=\"_blank\">Ases Falsos<\/a>, Mart\u00edn del Real. Los invitamos a inspirarse con el nuevo Home Tour de esta semana. Pase a mirar. <\/p>\n<p>Fotos por: <a href=\"http:\/\/sebastianmilla.com\/\" target=\"_blank\">Sebasti\u00e1n Milla<\/a><br \/>\n<img loading=\"lazy\" src=\"https:\/\/depto51.cl\/blog\/wp-content\/uploads\/2014\/07\/Depto51-Cote-y-Martin-17.jpg\" alt=\"Depto51 Cote y Martin-17\" width=\"600\" height=\"400\" class=\"alignnone size-full wp-image-22012\" srcset=\"https:\/\/depto51.cl\/blog\/wp-content\/uploads\/2014\/07\/Depto51-Cote-y-Martin-17.jpg 600w, https:\/\/depto51.cl\/blog\/wp-content\/uploads\/2014\/07\/Depto51-Cote-y-Martin-17-500x333.jpg 500w\" sizes=\"(max-width: 600px) 100vw, 600px\" \/><\/p>\n<p><strong>\u00bfDesde cu\u00e1ndo que viven aqu\u00ed?<\/strong><br \/>\nDesde febrero de 2012.<\/p>\n<p><strong>\u00bfC\u00f3mo llegaste y por qu\u00e9 eligieron esta casa?<\/strong><br \/>\nVi un aviso en internet y llamamos para poder ir a verlo. \u00c9ramos unos m\u00e1s entre much\u00edsimas personas que estaban viendo el departamento. Nos gust\u00f3 al tiro por dos cosas, era mucho m\u00e1s grande que el lugar donde est\u00e1bamos viviendo (lo que era fundamental para nosotros) y la luz, que para m\u00ed es el elemento principal de una casa. Puede ser incre\u00edble un departamento, pero si no tiene luz todo el d\u00eda (aunque sea una luz indirecta) prefiero no vivir ah\u00ed. <\/p>\n<p><img loading=\"lazy\" src=\"https:\/\/depto51.cl\/blog\/wp-content\/uploads\/2014\/07\/Depto51-Cote-y-Martin-2.jpg\" alt=\"Depto51 Cote y Martin-2\" width=\"600\" height=\"394\" class=\"alignnone size-full wp-image-22013\" srcset=\"https:\/\/depto51.cl\/blog\/wp-content\/uploads\/2014\/07\/Depto51-Cote-y-Martin-2.jpg 600w, https:\/\/depto51.cl\/blog\/wp-content\/uploads\/2014\/07\/Depto51-Cote-y-Martin-2-500x328.jpg 500w\" sizes=\"(max-width: 600px) 100vw, 600px\" \/><\/p>\n<p><img loading=\"lazy\" src=\"https:\/\/depto51.cl\/blog\/wp-content\/uploads\/2014\/07\/Depto51-Cote-y-Martin-3.jpg\" alt=\"Depto51 Cote y Martin-3\" width=\"600\" height=\"400\" class=\"alignnone size-full wp-image-22014\" srcset=\"https:\/\/depto51.cl\/blog\/wp-content\/uploads\/2014\/07\/Depto51-Cote-y-Martin-3.jpg 600w, https:\/\/depto51.cl\/blog\/wp-content\/uploads\/2014\/07\/Depto51-Cote-y-Martin-3-500x333.jpg 500w\" sizes=\"(max-width: 600px) 100vw, 600px\" \/><\/p>\n<p><strong>\u00bfQu\u00e9 nombre le pondr\u00edan al estilo en que la decoraron?<\/strong><br \/>\nMe cuesta encasillar en un nombre la decoraci\u00f3n. Creo que lo que buscamos es vivir en un lugar que tenga historia, donde la mezcla de texturas, maderas o elementos m\u00e1s pop -que se conjugan naturalmente- relaten tu vida.<\/p>\n<p><img loading=\"lazy\" src=\"https:\/\/depto51.cl\/blog\/wp-content\/uploads\/2014\/07\/Depto51-Cote-y-Martin-4.jpg\" alt=\"Depto51 Cote y Martin-4\" width=\"600\" height=\"401\" class=\"alignnone size-full wp-image-22015\" srcset=\"https:\/\/depto51.cl\/blog\/wp-content\/uploads\/2014\/07\/Depto51-Cote-y-Martin-4.jpg 600w, https:\/\/depto51.cl\/blog\/wp-content\/uploads\/2014\/07\/Depto51-Cote-y-Martin-4-500x334.jpg 500w\" sizes=\"(max-width: 600px) 100vw, 600px\" \/><\/p>\n<p><img loading=\"lazy\" src=\"https:\/\/depto51.cl\/blog\/wp-content\/uploads\/2014\/07\/Depto51-Cote-y-Martin-5.jpg\" alt=\"Depto51 Cote y Martin-5\" width=\"600\" height=\"400\" class=\"alignnone size-full wp-image-22016\" srcset=\"https:\/\/depto51.cl\/blog\/wp-content\/uploads\/2014\/07\/Depto51-Cote-y-Martin-5.jpg 600w, https:\/\/depto51.cl\/blog\/wp-content\/uploads\/2014\/07\/Depto51-Cote-y-Martin-5-500x333.jpg 500w\" sizes=\"(max-width: 600px) 100vw, 600px\" \/><\/p>\n<p><img loading=\"lazy\" src=\"https:\/\/depto51.cl\/blog\/wp-content\/uploads\/2014\/07\/Depto51-Cote-y-Martin-6.jpg\" alt=\"Depto51 Cote y Martin-6\" width=\"600\" height=\"400\" class=\"alignnone size-full wp-image-22017\" srcset=\"https:\/\/depto51.cl\/blog\/wp-content\/uploads\/2014\/07\/Depto51-Cote-y-Martin-6.jpg 600w, https:\/\/depto51.cl\/blog\/wp-content\/uploads\/2014\/07\/Depto51-Cote-y-Martin-6-500x333.jpg 500w\" sizes=\"(max-width: 600px) 100vw, 600px\" \/><\/p>\n<p><strong>\u00bfDe d\u00f3nde son las cosas que tienen? <\/strong><br \/>\nSon una mezcla de todo. Tenemos desde calcoman\u00edas del NO heredadas por mi mam\u00e1, quien en la \u00e9poca del plebiscito ten\u00eda la puerta de su cl\u00f3set estampada con distintos dise\u00f1os, tambi\u00e9n telares que hemos comprado en viajes al sur (soy fan\u00e1tica de ellos y es un lujo tener en nuestro pa\u00eds a mujeres mapuches o patagonas creando estas piezas), coleccionamos vinilos \u2013algunos son heredados por nuestros pap\u00e1s y abuelos- o un mueble para poner pel\u00edculas hecho 100% por nosotros \u2013con ladrillos y madera- que no se ha ca\u00eddo con ning\u00fan temblor. Y bueno, los cl\u00e1sicos detalles que uno comprar en tiendas gringas o santiaguinas.<\/p>\n<p><img loading=\"lazy\" src=\"https:\/\/depto51.cl\/blog\/wp-content\/uploads\/2014\/07\/Depto51-Cote-y-Martin-8.jpg\" alt=\"Depto51 Cote y Martin-8\" width=\"600\" height=\"402\" class=\"alignnone size-full wp-image-22018\" srcset=\"https:\/\/depto51.cl\/blog\/wp-content\/uploads\/2014\/07\/Depto51-Cote-y-Martin-8.jpg 600w, https:\/\/depto51.cl\/blog\/wp-content\/uploads\/2014\/07\/Depto51-Cote-y-Martin-8-500x335.jpg 500w\" sizes=\"(max-width: 600px) 100vw, 600px\" \/><\/p>\n<p><img loading=\"lazy\" src=\"https:\/\/depto51.cl\/blog\/wp-content\/uploads\/2014\/07\/Depto51-Cote-y-Martin-9.jpg\" alt=\"Depto51 Cote y Martin-9\" width=\"600\" height=\"400\" class=\"alignnone size-full wp-image-22019\" srcset=\"https:\/\/depto51.cl\/blog\/wp-content\/uploads\/2014\/07\/Depto51-Cote-y-Martin-9.jpg 600w, https:\/\/depto51.cl\/blog\/wp-content\/uploads\/2014\/07\/Depto51-Cote-y-Martin-9-500x333.jpg 500w\" sizes=\"(max-width: 600px) 100vw, 600px\" \/><\/p>\n<p><strong>\u00bfQu\u00e9 es lo que m\u00e1s les gusta hacer en su casa?<\/strong><br \/>\nVer pel\u00edculas, hacer un almuerzo un s\u00e1bado con amigos y quedarnos hasta tarde conversando, hacer caf\u00e9 y tomarlo en la terraza, escuchar m\u00fasica, dormir siesta en el sill\u00f3n o en cualquier parte en verdad. <\/p>\n<p><img loading=\"lazy\" src=\"https:\/\/depto51.cl\/blog\/wp-content\/uploads\/2014\/07\/Depto51-Cote-y-Martin-13.jpg\" alt=\"Depto51 Cote y Martin-13\" width=\"600\" height=\"400\" class=\"alignnone size-full wp-image-22020\" srcset=\"https:\/\/depto51.cl\/blog\/wp-content\/uploads\/2014\/07\/Depto51-Cote-y-Martin-13.jpg 600w, https:\/\/depto51.cl\/blog\/wp-content\/uploads\/2014\/07\/Depto51-Cote-y-Martin-13-500x333.jpg 500w\" sizes=\"(max-width: 600px) 100vw, 600px\" \/><\/p>\n<p><img loading=\"lazy\" src=\"https:\/\/depto51.cl\/blog\/wp-content\/uploads\/2014\/07\/Depto51-Cote-y-Martin-14.jpg\" alt=\"Depto51 Cote y Martin-14\" width=\"600\" height=\"400\" class=\"alignnone size-full wp-image-22021\" srcset=\"https:\/\/depto51.cl\/blog\/wp-content\/uploads\/2014\/07\/Depto51-Cote-y-Martin-14.jpg 600w, https:\/\/depto51.cl\/blog\/wp-content\/uploads\/2014\/07\/Depto51-Cote-y-Martin-14-500x333.jpg 500w\" sizes=\"(max-width: 600px) 100vw, 600px\" \/><\/p>\n<p><img loading=\"lazy\" src=\"https:\/\/depto51.cl\/blog\/wp-content\/uploads\/2014\/07\/Depto51-Cote-y-Martin-15.jpg\" alt=\"Depto51 Cote y Martin-15\" width=\"600\" height=\"400\" class=\"alignnone size-full wp-image-22022\" srcset=\"https:\/\/depto51.cl\/blog\/wp-content\/uploads\/2014\/07\/Depto51-Cote-y-Martin-15.jpg 600w, https:\/\/depto51.cl\/blog\/wp-content\/uploads\/2014\/07\/Depto51-Cote-y-Martin-15-500x333.jpg 500w\" sizes=\"(max-width: 600px) 100vw, 600px\" \/><\/p>\n<p><img loading=\"lazy\" src=\"https:\/\/depto51.cl\/blog\/wp-content\/uploads\/2014\/07\/foto.jpg\" alt=\"foto\" width=\"600\" height=\"450\" class=\"alignnone size-full wp-image-22023\" srcset=\"https:\/\/depto51.cl\/blog\/wp-content\/uploads\/2014\/07\/foto.jpg 600w, https:\/\/depto51.cl\/blog\/wp-content\/uploads\/2014\/07\/foto-500x375.jpg 500w\" sizes=\"(max-width: 600px) 100vw, 600px\" \/><\/p>\n<p><strong>Cu\u00e9ntennos sobre sus trabajos y proyectos<\/strong><br \/>\nYo trabajo en la revista Paula y Mart\u00edn acaba de terminar de grabar el \u00faltimo disco de su banda, <a href=\"http:\/\/asesfalsos.cl\/\" target=\"_blank\">Ases Falsos<\/a>, as\u00ed que est\u00e1n con todo preparando el lanzamiento que ser\u00e1 el 3 de agosto (no est\u00e1 de m\u00e1s decir que para los que est\u00e9n interesados en ir, <a href=\"http:\/\/asesfalsos.cl\/evento\/lanzamiento-conduccion\/\" target=\"_blank\">las entradas ya est\u00e1n a la venta<\/a>). Pero si de proyectos se trata, el m\u00e1s lindo y desafiante que se nos viene, es ser pap\u00e1s.<\/p>\n","protected":false},"excerpt":{"rendered":"<p>Elementos de cultura pop como afiches de pel\u00edculas y discos, lindos objetos de mimbre, colores fuertes y mucha luz podemos ver en el precioso departamento de la periodista de Revista Paula Mar\u00eda Jos\u00e9 Salas y el m\u00fasico de la banda Ases Falsos, Mart\u00edn del Real. Los invitamos a inspirarse con el nuevo Home Tour de&#8230;<\/p>\n","protected":false},"author":1,"featured_media":22013,"comment_status":"open","ping_status":"open","sticky":false,"template":"","format":"standard","meta":[],"categories":[11],"tags":[467,452,35,138,468],"acf":[],"_links":{"self":[{"href":"https:\/\/depto51.cl\/blog\/wp-json\/wp\/v2\/posts\/21931"}],"collection":[{"href":"https:\/\/depto51.cl\/blog\/wp-json\/wp\/v2\/posts"}],"about":[{"href":"https:\/\/depto51.cl\/blog\/wp-json\/wp\/v2\/types\/post"}],"author":[{"embeddable":true,"href":"https:\/\/depto51.cl\/blog\/wp-json\/wp\/v2\/users\/1"}],"replies":[{"embeddable":true,"href":"https:\/\/depto51.cl\/blog\/wp-json\/wp\/v2\/comments?post=21931"}],"version-history":[{"count":0,"href":"https:\/\/depto51.cl\/blog\/wp-json\/wp\/v2\/posts\/21931\/revisions"}],"wp:featuredmedia":[{"embeddable":true,"href":"https:\/\/depto51.cl\/blog\/wp-json\/wp\/v2\/media\/22013"}],"wp:attachment":[{"href":"https:\/\/depto51.cl\/blog\/wp-json\/wp\/v2\/media?parent=21931"}],"wp:term":[{"taxonomy":"category","embeddable":true,"href":"https:\/\/depto51.cl\/blog\/wp-json\/wp\/v2\/categories?post=21931"},{"taxonomy":"post_tag","embeddable":true,"href":"https:\/\/depto51.cl\/blog\/wp-json\/wp\/v2\/tags?post=21931"}],"curies":[{"name":"wp","href":"https:\/\/api.w.org\/{rel}","templated":true}]}}