

{"id":20223,"date":"2014-06-01T19:59:14","date_gmt":"2014-06-01T23:59:14","guid":{"rendered":"https:\/\/depto51.cl\/blog\/?p=20223"},"modified":"2014-06-02T09:15:12","modified_gmt":"2014-06-02T13:15:12","slug":"magdalena-y-cristobal-disenadora-e-ingeniero","status":"publish","type":"post","link":"https:\/\/depto51.cl\/blog\/2014\/06\/01\/magdalena-y-cristobal-disenadora-e-ingeniero\/","title":{"rendered":"Magdalena y Crist\u00f3bal, dise\u00f1adora e ingeniero"},"content":{"rendered":"<p>Este departamento se puede describir muy f\u00e1cil en dos palabras: <em>buen gusto. <\/em>Aqu\u00ed, los elementos dialogan y se combinan de una forma original, sobria y elegante. Su due\u00f1a, Magdalena Rodriguez, es parte del estudio de dise\u00f1o interior <a href=\"http:\/\/www.dproject.cl\/\" target=\"_blank\">DProject<\/a> donde, junto a sus socias Isabel Correa y Denise Puffe, trabajan en el dise\u00f1o y la remodelaci\u00f3n de cocinas, ba\u00f1os, closet y muebles especiales. Ellas mismas fueron las que remodelaron la cocina de este departamento y el resultado es perfecto. Disfruten!<\/p>\n<p>Fotos por Juan Pablo Molina<\/p>\n<p><img loading=\"lazy\" class=\"aligncenter size-full wp-image-20225\" alt=\"depto1\" src=\"https:\/\/depto51.cl\/blog\/wp-content\/uploads\/2014\/06\/depto1.jpg\" width=\"800\" height=\"533\" srcset=\"https:\/\/depto51.cl\/blog\/wp-content\/uploads\/2014\/06\/depto1.jpg 800w, https:\/\/depto51.cl\/blog\/wp-content\/uploads\/2014\/06\/depto1-500x333.jpg 500w\" sizes=\"(max-width: 800px) 100vw, 800px\" \/><\/p>\n<div dir=\"ltr\"><\/div>\n<div dir=\"ltr\"><strong>\u00bfC\u00f3mo llegaste y por qu\u00e9 elegiste esta departamento?<\/strong><\/div>\n<div dir=\"ltr\">Quer\u00edamos que quedara cerca del metro y que fuera tranquilo. Buscando en Internet, nos encant\u00f3 la ubicaci\u00f3n y la luz del departamento.<\/div>\n<div dir=\"ltr\"><\/div>\n<div dir=\"ltr\"><strong>\u00bfQu\u00e9 nombre le pondr\u00edas al estilo en que la decoraste?<\/strong><\/div>\n<div>Yo creo que es un estilo que esta marcado por los detalles, es como si vivi\u00e9ramos hace mucho tiempo ac\u00e1. Los detalles han ido aportando a que exista una mezcla de cosas que uno no pensar\u00eda que pegaban juntas.\u00a0<span style=\"color: #000000;\">Creo que hay una preocupaci\u00f3n en cada rinc\u00f3n de la casa y eso refleja nuestra personalidad.\u00a0<\/span><\/div>\n<div><\/div>\n<div>\u00a0 <img loading=\"lazy\" class=\"aligncenter size-full wp-image-20233\" alt=\"2Y3A4533\" src=\"https:\/\/depto51.cl\/blog\/wp-content\/uploads\/2014\/06\/2Y3A4533.jpg\" width=\"800\" height=\"533\" srcset=\"https:\/\/depto51.cl\/blog\/wp-content\/uploads\/2014\/06\/2Y3A4533.jpg 800w, https:\/\/depto51.cl\/blog\/wp-content\/uploads\/2014\/06\/2Y3A4533-500x333.jpg 500w, https:\/\/depto51.cl\/blog\/wp-content\/uploads\/2014\/06\/2Y3A4533-768x512.jpg 768w\" sizes=\"(max-width: 800px) 100vw, 800px\" \/><\/div>\n<div><\/div>\n<div><img loading=\"lazy\" class=\"aligncenter size-full wp-image-20230\" alt=\"magdalenaycristobal2\" src=\"https:\/\/depto51.cl\/blog\/wp-content\/uploads\/2014\/06\/magdalenaycristobal2.jpg\" width=\"800\" height=\"600\" srcset=\"https:\/\/depto51.cl\/blog\/wp-content\/uploads\/2014\/06\/magdalenaycristobal2.jpg 800w, https:\/\/depto51.cl\/blog\/wp-content\/uploads\/2014\/06\/magdalenaycristobal2-500x375.jpg 500w\" sizes=\"(max-width: 800px) 100vw, 800px\" \/><\/div>\n<div>\n<div dir=\"ltr\"><\/div>\n<div dir=\"ltr\"><strong>\u00bfDe d\u00f3nde son las cosas que tienen?<\/strong><\/div>\n<div dir=\"ltr\">\u00a0Somos bien cachureros, nos gusta coleccionar cosas y tener detalles en nuestra casa.\u00a0De siempre que cada uno se ha tra\u00eddo cosas de diferentes viajes. <span style=\"color: #000000;\">Por ejemplo la alfombra del living la trajimos de Turqu\u00eda de nuestra luna de miel, la l\u00e1mpara del comedor la encontramos en una calle escondida en Estambul.\u00a0Los cuadros de mi hermana nos encantan! y le dan un car\u00e1cter bien especial a<\/span> la casa. Tenemos algunas cosas heredadas de mi abuelo, los vinilos y la lampara. En general nos gusta que los objetos tengan una historia y que sean parte de alguna experiencia.<\/div>\n<div dir=\"ltr\"><\/div>\n<div dir=\"ltr\"><img loading=\"lazy\" class=\"aligncenter size-full wp-image-20226\" alt=\"depto3\" src=\"https:\/\/depto51.cl\/blog\/wp-content\/uploads\/2014\/06\/depto3.jpg\" width=\"800\" height=\"533\" srcset=\"https:\/\/depto51.cl\/blog\/wp-content\/uploads\/2014\/06\/depto3.jpg 800w, https:\/\/depto51.cl\/blog\/wp-content\/uploads\/2014\/06\/depto3-500x333.jpg 500w\" sizes=\"(max-width: 800px) 100vw, 800px\" \/><\/div>\n<div dir=\"ltr\"><\/div>\n<div dir=\"ltr\"><img loading=\"lazy\" class=\"aligncenter size-full wp-image-20234\" alt=\"2Y3A4558\" src=\"https:\/\/depto51.cl\/blog\/wp-content\/uploads\/2014\/06\/2Y3A4558.jpg\" width=\"800\" height=\"533\" srcset=\"https:\/\/depto51.cl\/blog\/wp-content\/uploads\/2014\/06\/2Y3A4558.jpg 800w, https:\/\/depto51.cl\/blog\/wp-content\/uploads\/2014\/06\/2Y3A4558-500x333.jpg 500w\" sizes=\"(max-width: 800px) 100vw, 800px\" \/><\/div>\n<div dir=\"ltr\"><\/div>\n<div dir=\"ltr\"><img loading=\"lazy\" class=\"aligncenter size-full wp-image-20231\" alt=\"2Y3A4514\" src=\"https:\/\/depto51.cl\/blog\/wp-content\/uploads\/2014\/06\/2Y3A4514.jpg\" width=\"800\" height=\"533\" srcset=\"https:\/\/depto51.cl\/blog\/wp-content\/uploads\/2014\/06\/2Y3A4514.jpg 800w, https:\/\/depto51.cl\/blog\/wp-content\/uploads\/2014\/06\/2Y3A4514-500x333.jpg 500w\" sizes=\"(max-width: 800px) 100vw, 800px\" \/><\/div>\n<div dir=\"ltr\"><\/div>\n<div dir=\"ltr\"><img loading=\"lazy\" class=\"aligncenter size-full wp-image-20232\" alt=\"2Y3A4520\" src=\"https:\/\/depto51.cl\/blog\/wp-content\/uploads\/2014\/06\/2Y3A4520.jpg\" width=\"800\" height=\"533\" srcset=\"https:\/\/depto51.cl\/blog\/wp-content\/uploads\/2014\/06\/2Y3A4520.jpg 800w, https:\/\/depto51.cl\/blog\/wp-content\/uploads\/2014\/06\/2Y3A4520-500x333.jpg 500w\" sizes=\"(max-width: 800px) 100vw, 800px\" \/><\/div>\n<\/div>\n<div>\n<div dir=\"ltr\"><\/div>\n<div dir=\"ltr\"><strong>\u00bfQu\u00e9 es lo que m\u00e1s les gusta hacer en su casa?<\/strong><\/div>\n<\/div>\n<div dir=\"ltr\">Nos encanta escuchar m\u00fasica y cocinar<\/div>\n<div dir=\"ltr\"><\/div>\n<div dir=\"ltr\"><img loading=\"lazy\" class=\"aligncenter size-full wp-image-20227\" alt=\"IMG_6950 (si)\" src=\"https:\/\/depto51.cl\/blog\/wp-content\/uploads\/2014\/06\/IMG_6950-si.jpg\" width=\"800\" height=\"511\" srcset=\"https:\/\/depto51.cl\/blog\/wp-content\/uploads\/2014\/06\/IMG_6950-si.jpg 800w, https:\/\/depto51.cl\/blog\/wp-content\/uploads\/2014\/06\/IMG_6950-si-500x319.jpg 500w\" sizes=\"(max-width: 800px) 100vw, 800px\" \/><br \/>\n<span style=\"color: #000000;\"><strong>Magdalena, cu\u00e9ntanos sobre <a href=\"http:\/\/www.dproject.cl\/\" target=\"_blank\">DProject<\/a><\/strong><br \/>\n<\/span><\/div>\n<div><span style=\"color: #000000;\">Somos un estudio de dise\u00f1o interior compuesto por tres socias Isabel Correa, Denise Puffe y yo, Magdalena Rodr\u00edguez. Partimos hace dos a\u00f1os y nos dedicamos a hacer proyectos completos de cocinas, ba\u00f1os, closet y muebles especiales. Hasta el minuto ya hemos instalado como 40 proyectos. Me gusta mucho el trabajo que hacemos en <a href=\"http:\/\/www.dproject.cl\/\" target=\"_blank\">DProject<\/a>, es muy variado. Por un lado tenemos el contacto directo con el cliente; tenemos que percibir lo que le gusta, cuales son sus necesidades y obviamente mantener la l\u00ednea de DProject. Y por otro lado est\u00e1 el trabajo en terreno, la relaci\u00f3n con los maestros, con los materiales, la supervisi\u00f3n e ir viendo de a poco como vamos dise\u00f1ando un espacio para alguien, es lo mejor de todo.<\/span><\/div>\n<div><\/div>\n<div><img loading=\"lazy\" class=\"aligncenter size-full wp-image-20228\" alt=\"IMG_6981\" src=\"https:\/\/depto51.cl\/blog\/wp-content\/uploads\/2014\/06\/IMG_6981.jpg\" width=\"800\" height=\"469\" srcset=\"https:\/\/depto51.cl\/blog\/wp-content\/uploads\/2014\/06\/IMG_6981.jpg 800w, https:\/\/depto51.cl\/blog\/wp-content\/uploads\/2014\/06\/IMG_6981-500x293.jpg 500w\" sizes=\"(max-width: 800px) 100vw, 800px\" \/><\/div>\n<div><\/div>\n<div><img loading=\"lazy\" class=\"aligncenter size-full wp-image-20224\" alt=\"2Y3A4583\" src=\"https:\/\/depto51.cl\/blog\/wp-content\/uploads\/2014\/06\/2Y3A4583.jpg\" width=\"800\" height=\"533\" srcset=\"https:\/\/depto51.cl\/blog\/wp-content\/uploads\/2014\/06\/2Y3A4583.jpg 800w, https:\/\/depto51.cl\/blog\/wp-content\/uploads\/2014\/06\/2Y3A4583-500x333.jpg 500w\" sizes=\"(max-width: 800px) 100vw, 800px\" \/><\/div>\n","protected":false},"excerpt":{"rendered":"<p>Este departamento se puede describir muy f\u00e1cil en dos palabras: buen gusto. Aqu\u00ed, los elementos dialogan y se combinan de una forma original, sobria y elegante. Su due\u00f1a, Magdalena Rodriguez, es parte del estudio de dise\u00f1o interior DProject donde, junto a sus socias Isabel Correa y Denise Puffe, trabajan en el dise\u00f1o y la remodelaci\u00f3n&#8230;<\/p>\n","protected":false},"author":1,"featured_media":20233,"comment_status":"open","ping_status":"open","sticky":false,"template":"","format":"standard","meta":[],"categories":[11],"tags":[273,326,325],"acf":[],"_links":{"self":[{"href":"https:\/\/depto51.cl\/blog\/wp-json\/wp\/v2\/posts\/20223"}],"collection":[{"href":"https:\/\/depto51.cl\/blog\/wp-json\/wp\/v2\/posts"}],"about":[{"href":"https:\/\/depto51.cl\/blog\/wp-json\/wp\/v2\/types\/post"}],"author":[{"embeddable":true,"href":"https:\/\/depto51.cl\/blog\/wp-json\/wp\/v2\/users\/1"}],"replies":[{"embeddable":true,"href":"https:\/\/depto51.cl\/blog\/wp-json\/wp\/v2\/comments?post=20223"}],"version-history":[{"count":0,"href":"https:\/\/depto51.cl\/blog\/wp-json\/wp\/v2\/posts\/20223\/revisions"}],"wp:featuredmedia":[{"embeddable":true,"href":"https:\/\/depto51.cl\/blog\/wp-json\/wp\/v2\/media\/20233"}],"wp:attachment":[{"href":"https:\/\/depto51.cl\/blog\/wp-json\/wp\/v2\/media?parent=20223"}],"wp:term":[{"taxonomy":"category","embeddable":true,"href":"https:\/\/depto51.cl\/blog\/wp-json\/wp\/v2\/categories?post=20223"},{"taxonomy":"post_tag","embeddable":true,"href":"https:\/\/depto51.cl\/blog\/wp-json\/wp\/v2\/tags?post=20223"}],"curies":[{"name":"wp","href":"https:\/\/api.w.org\/{rel}","templated":true}]}}