

{"id":20131,"date":"2014-05-25T18:47:10","date_gmt":"2014-05-25T22:47:10","guid":{"rendered":"https:\/\/depto51.cl\/blog\/?p=20131"},"modified":"2014-05-26T10:30:43","modified_gmt":"2014-05-26T14:30:43","slug":"kathryn-gillmore-y-pedro-gubbins-disenadora-grafica-y-arquitecto","status":"publish","type":"post","link":"https:\/\/depto51.cl\/blog\/2014\/05\/25\/kathryn-gillmore-y-pedro-gubbins-disenadora-grafica-y-arquitecto\/","title":{"rendered":"Kathryn Gillmore y Pedro Gubbins, dise\u00f1adora gr\u00e1fica y arquitecto"},"content":{"rendered":"<p><a href=\"http:\/\/www.kathryngillmore.cl\/\" target=\"_blank\">Kathryn<\/a> y <a href=\"http:\/\/www.gubbinsarquitectos.cl\/\" target=\"_blank\">Pedro<\/a> ten\u00edan muchos requerimientos para el departamento que quer\u00edan comprar, pero cuando vieron este, los dos se miraron y supieron que era el indicado. Aunque tuvieron que botar y mover muros, cambiar los closets e incluso hacer un patio nuevo que no exist\u00eda, el departamento se ve como si hubiera sido siempre as\u00ed y hoy es un lugar donde trabajan, cocinan y est\u00e1n en familia con la peque\u00f1a Blanca.<\/p>\n<p>Fotos por <a href=\"http:\/\/www.sebastianmilla.com\/\" target=\"_blank\">Sebastian Milla<\/a><\/p>\n<p><img loading=\"lazy\" class=\"aligncenter size-large wp-image-20143\" alt=\"Depto 51 - Kathryn  y Pedro16\" src=\"https:\/\/depto51.cl\/blog\/wp-content\/uploads\/2014\/05\/Depto-51-Kathryn-y-Pedro16-1024x1006.jpg\" width=\"1024\" height=\"1006\" srcset=\"https:\/\/depto51.cl\/blog\/wp-content\/uploads\/2014\/05\/Depto-51-Kathryn-y-Pedro16-1024x1006.jpg 1024w, https:\/\/depto51.cl\/blog\/wp-content\/uploads\/2014\/05\/Depto-51-Kathryn-y-Pedro16-500x491.jpg 500w, https:\/\/depto51.cl\/blog\/wp-content\/uploads\/2014\/05\/Depto-51-Kathryn-y-Pedro16.jpg 1099w\" sizes=\"(max-width: 1024px) 100vw, 1024px\" \/><\/p>\n<p><strong>\u00bfDesde cu\u00e1ndo que viven aqu\u00ed?<\/strong><\/p>\n<p>Desde noviembre del 2012<\/p>\n<p><strong>\u00bfC\u00f3mo llegaron y por qu\u00e9 eligieron este depto?<\/strong><\/p>\n<p>Estuvimos buscando un departamento para comprar bastante tiempo. Los dos quer\u00edamos vivir en Providencia, en un lugar que fuera central. Ten\u00edamos varios requerimientos, como que fuese luminoso, amplio, y ojal\u00e1 con balc\u00f3n, por lo que no fue f\u00e1cil la b\u00fasqueda. Pero cuando lo vimos, los dos nos miramos y dijimos: \u00abeste\u201d. Antes era una oficina, pero el ojo de arquitecto de Pedro, vio que ten\u00eda potencial si es que se remodelaba.<\/p>\n<p><img loading=\"lazy\" class=\"aligncenter size-large wp-image-20144\" alt=\"Depto 51 - Kathryn  y Pedro17\" src=\"https:\/\/depto51.cl\/blog\/wp-content\/uploads\/2014\/05\/Depto-51-Kathryn-y-Pedro17-1024x682.jpg\" width=\"1024\" height=\"682\" srcset=\"https:\/\/depto51.cl\/blog\/wp-content\/uploads\/2014\/05\/Depto-51-Kathryn-y-Pedro17-1024x682.jpg 1024w, https:\/\/depto51.cl\/blog\/wp-content\/uploads\/2014\/05\/Depto-51-Kathryn-y-Pedro17-500x333.jpg 500w, https:\/\/depto51.cl\/blog\/wp-content\/uploads\/2014\/05\/Depto-51-Kathryn-y-Pedro17-600x400.jpg 600w, https:\/\/depto51.cl\/blog\/wp-content\/uploads\/2014\/05\/Depto-51-Kathryn-y-Pedro17.jpg 1620w\" sizes=\"(max-width: 1024px) 100vw, 1024px\" \/> <img loading=\"lazy\" class=\"aligncenter size-large wp-image-20134\" alt=\"Depto 51 - Kathryn  y Pedro3\" src=\"https:\/\/depto51.cl\/blog\/wp-content\/uploads\/2014\/05\/Depto-51-Kathryn-y-Pedro3-1024x680.jpg\" width=\"1024\" height=\"680\" srcset=\"https:\/\/depto51.cl\/blog\/wp-content\/uploads\/2014\/05\/Depto-51-Kathryn-y-Pedro3-1024x680.jpg 1024w, https:\/\/depto51.cl\/blog\/wp-content\/uploads\/2014\/05\/Depto-51-Kathryn-y-Pedro3-500x332.jpg 500w, https:\/\/depto51.cl\/blog\/wp-content\/uploads\/2014\/05\/Depto-51-Kathryn-y-Pedro3-768x510.jpg 768w, https:\/\/depto51.cl\/blog\/wp-content\/uploads\/2014\/05\/Depto-51-Kathryn-y-Pedro3.jpg 1626w\" sizes=\"(max-width: 1024px) 100vw, 1024px\" \/><br \/>\n<strong> \u00bfQu\u00e9 nombre le pondr\u00edas al estilo en que la decoraron?<\/strong><\/p>\n<p>No tenemos un estilo espec\u00edfico, la base de nuestro departamento es m\u00e1s bien sobrio: a los dos nos gusta el blanco, y en general mantenemos ese color junto a la madera, y el negro como predominantes. Luego el color se agrega con los adornos, libros, y cuadros.<\/p>\n<p><img loading=\"lazy\" class=\"aligncenter size-large wp-image-20133\" alt=\"Depto 51 - Kathryn  y Pedro2\" src=\"https:\/\/depto51.cl\/blog\/wp-content\/uploads\/2014\/05\/Depto-51-Kathryn-y-Pedro2-1024x680.jpg\" width=\"1024\" height=\"680\" srcset=\"https:\/\/depto51.cl\/blog\/wp-content\/uploads\/2014\/05\/Depto-51-Kathryn-y-Pedro2-1024x680.jpg 1024w, https:\/\/depto51.cl\/blog\/wp-content\/uploads\/2014\/05\/Depto-51-Kathryn-y-Pedro2-500x332.jpg 500w, https:\/\/depto51.cl\/blog\/wp-content\/uploads\/2014\/05\/Depto-51-Kathryn-y-Pedro2.jpg 1626w\" sizes=\"(max-width: 1024px) 100vw, 1024px\" \/><\/p>\n<p><img loading=\"lazy\" class=\"aligncenter size-large wp-image-20132\" alt=\"Depto 51 - Kathryn  y Pedro1\" src=\"https:\/\/depto51.cl\/blog\/wp-content\/uploads\/2014\/05\/Depto-51-Kathryn-y-Pedro1-1024x680.jpg\" width=\"1024\" height=\"680\" srcset=\"https:\/\/depto51.cl\/blog\/wp-content\/uploads\/2014\/05\/Depto-51-Kathryn-y-Pedro1-1024x680.jpg 1024w, https:\/\/depto51.cl\/blog\/wp-content\/uploads\/2014\/05\/Depto-51-Kathryn-y-Pedro1-500x332.jpg 500w, https:\/\/depto51.cl\/blog\/wp-content\/uploads\/2014\/05\/Depto-51-Kathryn-y-Pedro1.jpg 1626w\" sizes=\"(max-width: 1024px) 100vw, 1024px\" \/><\/p>\n<p><img loading=\"lazy\" class=\"aligncenter size-large wp-image-20139\" alt=\"Depto 51 - Kathryn  y Pedro10\" src=\"https:\/\/depto51.cl\/blog\/wp-content\/uploads\/2014\/05\/Depto-51-Kathryn-y-Pedro10-1024x680.jpg\" width=\"1024\" height=\"680\" srcset=\"https:\/\/depto51.cl\/blog\/wp-content\/uploads\/2014\/05\/Depto-51-Kathryn-y-Pedro10-1024x680.jpg 1024w, https:\/\/depto51.cl\/blog\/wp-content\/uploads\/2014\/05\/Depto-51-Kathryn-y-Pedro10-500x332.jpg 500w, https:\/\/depto51.cl\/blog\/wp-content\/uploads\/2014\/05\/Depto-51-Kathryn-y-Pedro10.jpg 1626w\" sizes=\"(max-width: 1024px) 100vw, 1024px\" \/> <img loading=\"lazy\" class=\"aligncenter size-large wp-image-20138\" alt=\"Depto 51 - Kathryn  y Pedro8\" src=\"https:\/\/depto51.cl\/blog\/wp-content\/uploads\/2014\/05\/Depto-51-Kathryn-y-Pedro8-1024x680.jpg\" width=\"1024\" height=\"680\" srcset=\"https:\/\/depto51.cl\/blog\/wp-content\/uploads\/2014\/05\/Depto-51-Kathryn-y-Pedro8-1024x680.jpg 1024w, https:\/\/depto51.cl\/blog\/wp-content\/uploads\/2014\/05\/Depto-51-Kathryn-y-Pedro8-500x332.jpg 500w, https:\/\/depto51.cl\/blog\/wp-content\/uploads\/2014\/05\/Depto-51-Kathryn-y-Pedro8.jpg 1626w\" sizes=\"(max-width: 1024px) 100vw, 1024px\" \/> <img loading=\"lazy\" class=\"aligncenter size-large wp-image-20141\" alt=\"Depto 51 - Kathryn  y Pedro12\" src=\"https:\/\/depto51.cl\/blog\/wp-content\/uploads\/2014\/05\/Depto-51-Kathryn-y-Pedro12-1024x680.jpg\" width=\"1024\" height=\"680\" srcset=\"https:\/\/depto51.cl\/blog\/wp-content\/uploads\/2014\/05\/Depto-51-Kathryn-y-Pedro12-1024x680.jpg 1024w, https:\/\/depto51.cl\/blog\/wp-content\/uploads\/2014\/05\/Depto-51-Kathryn-y-Pedro12-500x332.jpg 500w, https:\/\/depto51.cl\/blog\/wp-content\/uploads\/2014\/05\/Depto-51-Kathryn-y-Pedro12.jpg 1626w\" sizes=\"(max-width: 1024px) 100vw, 1024px\" \/> <img loading=\"lazy\" class=\"aligncenter size-large wp-image-20140\" alt=\"Depto 51 - Kathryn  y Pedro11\" src=\"https:\/\/depto51.cl\/blog\/wp-content\/uploads\/2014\/05\/Depto-51-Kathryn-y-Pedro11-1024x680.jpg\" width=\"1024\" height=\"680\" srcset=\"https:\/\/depto51.cl\/blog\/wp-content\/uploads\/2014\/05\/Depto-51-Kathryn-y-Pedro11-1024x680.jpg 1024w, https:\/\/depto51.cl\/blog\/wp-content\/uploads\/2014\/05\/Depto-51-Kathryn-y-Pedro11-500x332.jpg 500w, https:\/\/depto51.cl\/blog\/wp-content\/uploads\/2014\/05\/Depto-51-Kathryn-y-Pedro11.jpg 1626w\" sizes=\"(max-width: 1024px) 100vw, 1024px\" \/><br \/>\n<strong> \u00bfDe d\u00f3nde son las cosas que tienen?<\/strong><\/p>\n<p>La mayor\u00eda de los adornos los hemos comprado en viajes, que quedan como recuerdos. Tenemos una repisa llena de mini objetos de muchas partes. Algunas cosas las hemos elegido definitivamente por su dise\u00f1o: l\u00e1mparas, sillas, sillones. Y otros muebles son herencias de nuestras historias de vida y familias.<\/p>\n<p><img loading=\"lazy\" class=\"aligncenter size-large wp-image-20135\" alt=\"Depto 51 - Kathryn  y Pedro4\" src=\"https:\/\/depto51.cl\/blog\/wp-content\/uploads\/2014\/05\/Depto-51-Kathryn-y-Pedro4-1024x680.jpg\" width=\"1024\" height=\"680\" srcset=\"https:\/\/depto51.cl\/blog\/wp-content\/uploads\/2014\/05\/Depto-51-Kathryn-y-Pedro4-1024x680.jpg 1024w, https:\/\/depto51.cl\/blog\/wp-content\/uploads\/2014\/05\/Depto-51-Kathryn-y-Pedro4-500x332.jpg 500w, https:\/\/depto51.cl\/blog\/wp-content\/uploads\/2014\/05\/Depto-51-Kathryn-y-Pedro4.jpg 1626w\" sizes=\"(max-width: 1024px) 100vw, 1024px\" \/><\/p>\n<p><strong>\u00a0\u00bfQu\u00e9 es lo que m\u00e1s les gusta hacer en su casa?<\/strong><\/p>\n<p>Nos gusta estar en la casa con amigos y familia. Ahora que tenemos a la Blanca reci\u00e9n nacida, y que el clima est\u00e1 helado, hemos estado mucho ac\u00e1. A mi me gusta \u00a0cocinar, por eso quer\u00edamos tener una cocina rica, espaciosa. Tambi\u00e9n hay veces en que los dos trabajamos en el departamento, por eso la idea de tener un living-comedor-escritorio.<\/p>\n<p><img loading=\"lazy\" class=\"aligncenter size-large wp-image-20147\" alt=\"Depto 51 - Kathryn  y Pedro21\" src=\"https:\/\/depto51.cl\/blog\/wp-content\/uploads\/2014\/05\/Depto-51-Kathryn-y-Pedro21-1024x682.jpg\" width=\"1024\" height=\"682\" srcset=\"https:\/\/depto51.cl\/blog\/wp-content\/uploads\/2014\/05\/Depto-51-Kathryn-y-Pedro21-1024x682.jpg 1024w, https:\/\/depto51.cl\/blog\/wp-content\/uploads\/2014\/05\/Depto-51-Kathryn-y-Pedro21-500x333.jpg 500w, https:\/\/depto51.cl\/blog\/wp-content\/uploads\/2014\/05\/Depto-51-Kathryn-y-Pedro21-600x400.jpg 600w, https:\/\/depto51.cl\/blog\/wp-content\/uploads\/2014\/05\/Depto-51-Kathryn-y-Pedro21.jpg 1620w\" sizes=\"(max-width: 1024px) 100vw, 1024px\" \/><br \/>\n<img loading=\"lazy\" class=\"aligncenter size-full wp-image-20148\" alt=\"22-23\" src=\"https:\/\/depto51.cl\/blog\/wp-content\/uploads\/2014\/05\/22-23.jpg\" width=\"1000\" height=\"753\" srcset=\"https:\/\/depto51.cl\/blog\/wp-content\/uploads\/2014\/05\/22-23.jpg 1000w, https:\/\/depto51.cl\/blog\/wp-content\/uploads\/2014\/05\/22-23-500x376.jpg 500w\" sizes=\"(max-width: 1000px) 100vw, 1000px\" \/><\/p>\n<p><strong>Cu\u00e9ntennos sobre sus trabajos o proyectos<\/strong><\/p>\n<p>Pedro es arquitecto independiente (<a href=\"http:\/\/www.gubbinsarquitectos.cl\">www.gubbinsarquitectos.cl<\/a>) y desarrolla proyectos de toda \u00edndole. Algunos de sus proyectos m\u00e1s destacados son TVN, el <a href=\"http:\/\/www.plataformaarquitectura.cl\/2009\/07\/21\/23209\/\" target=\"_blank\">centro deportivo cultural Chimkowe<\/a> en Pe\u00f1alol\u00e9n, la <a href=\"http:\/\/www.plataformaarquitectura.cl\/2013\/03\/25\/casa-omnibus-gubbins-arquitectos\/\" target=\"_blank\">casa Omnibus<\/a> en la Quinta Regi\u00f3n.\u00a0 Recientemente acaba de ganar el concurso para remodelar el <a href=\"http:\/\/www.plataformaarquitectura.cl\/2014\/01\/27\/gubbins-arquitectos-disenara-edificio-institucional-de-minvu-serviu-valparaiso\/\" target=\"_blank\">Palacio Subercaseaux en Valpara\u00edso<\/a>.<\/p>\n<p>Yo soy dise\u00f1adora gr\u00e1fica (<a href=\"http:\/\/kathryngillmore.cl\">kathryngillmore.cl<\/a>) Trabajo de manera independiente desarrollando impresos en general.\u00a0 Me he vinculado bastante con el mundo de \u00a0la arquitectura, es un tema que me interesa mucho. Actualmente estoy trabajando en varios proyectos de se\u00f1al\u00e9tica para edificios p\u00fablicos y privados. Hago clases en la Escuela de Arquitectura de la Universidad San Sebasti\u00e1n, donde adem\u00e1s soy directora de arte de la revista <a href=\"https:\/\/www.facebook.com\/pages\/Revista-Materia-Arquitectura\/122069231157896\" target=\"_blank\">Materia Arquitectura<\/a>. Adem\u00e1s este a\u00f1o nos asociamos con otros dise\u00f1adores con los que compartimos oficina en Root 537 y empezamos con una nueva idea: <a href=\"http:\/\/www.cncroot.cl\" target=\"_blank\">Fresa Salvaje<\/a>\u00a0en la que ofrecemos soluciones\u00a0 para ideas y servicios de corte CNC e impresi\u00f3n en 3D<\/p>\n<p><img loading=\"lazy\" class=\"aligncenter size-large wp-image-20137\" alt=\"Depto 51 - Kathryn  y Pedro7\" src=\"https:\/\/depto51.cl\/blog\/wp-content\/uploads\/2014\/05\/Depto-51-Kathryn-y-Pedro7-1024x680.jpg\" width=\"1024\" height=\"680\" srcset=\"https:\/\/depto51.cl\/blog\/wp-content\/uploads\/2014\/05\/Depto-51-Kathryn-y-Pedro7-1024x680.jpg 1024w, https:\/\/depto51.cl\/blog\/wp-content\/uploads\/2014\/05\/Depto-51-Kathryn-y-Pedro7-500x332.jpg 500w, https:\/\/depto51.cl\/blog\/wp-content\/uploads\/2014\/05\/Depto-51-Kathryn-y-Pedro7.jpg 1626w\" sizes=\"(max-width: 1024px) 100vw, 1024px\" \/> <img loading=\"lazy\" class=\"aligncenter size-large wp-image-20136\" alt=\"Depto 51 - Kathryn  y Pedro5\" src=\"https:\/\/depto51.cl\/blog\/wp-content\/uploads\/2014\/05\/Depto-51-Kathryn-y-Pedro5-680x1024.jpg\" width=\"680\" height=\"1024\" srcset=\"https:\/\/depto51.cl\/blog\/wp-content\/uploads\/2014\/05\/Depto-51-Kathryn-y-Pedro5-680x1024.jpg 680w, https:\/\/depto51.cl\/blog\/wp-content\/uploads\/2014\/05\/Depto-51-Kathryn-y-Pedro5-332x500.jpg 332w, https:\/\/depto51.cl\/blog\/wp-content\/uploads\/2014\/05\/Depto-51-Kathryn-y-Pedro5.jpg 1080w\" sizes=\"(max-width: 680px) 100vw, 680px\" \/> <img loading=\"lazy\" class=\"aligncenter size-large wp-image-20145\" alt=\"Depto 51 - Kathryn  y Pedro18\" src=\"https:\/\/depto51.cl\/blog\/wp-content\/uploads\/2014\/05\/Depto-51-Kathryn-y-Pedro18-1024x682.jpg\" width=\"1024\" height=\"682\" srcset=\"https:\/\/depto51.cl\/blog\/wp-content\/uploads\/2014\/05\/Depto-51-Kathryn-y-Pedro18-1024x682.jpg 1024w, https:\/\/depto51.cl\/blog\/wp-content\/uploads\/2014\/05\/Depto-51-Kathryn-y-Pedro18-500x333.jpg 500w, https:\/\/depto51.cl\/blog\/wp-content\/uploads\/2014\/05\/Depto-51-Kathryn-y-Pedro18-600x400.jpg 600w, https:\/\/depto51.cl\/blog\/wp-content\/uploads\/2014\/05\/Depto-51-Kathryn-y-Pedro18.jpg 1620w\" sizes=\"(max-width: 1024px) 100vw, 1024px\" \/><\/p>\n<p><img loading=\"lazy\" class=\"aligncenter size-large wp-image-20149\" alt=\"Depto 51 - Kathryn  y Pedro24\" src=\"https:\/\/depto51.cl\/blog\/wp-content\/uploads\/2014\/05\/Depto-51-Kathryn-y-Pedro24-1024x682.jpg\" width=\"1024\" height=\"682\" srcset=\"https:\/\/depto51.cl\/blog\/wp-content\/uploads\/2014\/05\/Depto-51-Kathryn-y-Pedro24-1024x682.jpg 1024w, https:\/\/depto51.cl\/blog\/wp-content\/uploads\/2014\/05\/Depto-51-Kathryn-y-Pedro24-500x333.jpg 500w, https:\/\/depto51.cl\/blog\/wp-content\/uploads\/2014\/05\/Depto-51-Kathryn-y-Pedro24-600x400.jpg 600w, https:\/\/depto51.cl\/blog\/wp-content\/uploads\/2014\/05\/Depto-51-Kathryn-y-Pedro24.jpg 1620w\" sizes=\"(max-width: 1024px) 100vw, 1024px\" \/><\/p>\n<p><img loading=\"lazy\" class=\"aligncenter size-large wp-image-20146\" alt=\"Depto 51 - Kathryn  y Pedro19\" src=\"https:\/\/depto51.cl\/blog\/wp-content\/uploads\/2014\/05\/Depto-51-Kathryn-y-Pedro19-1024x682.jpg\" width=\"1024\" height=\"682\" srcset=\"https:\/\/depto51.cl\/blog\/wp-content\/uploads\/2014\/05\/Depto-51-Kathryn-y-Pedro19-1024x682.jpg 1024w, https:\/\/depto51.cl\/blog\/wp-content\/uploads\/2014\/05\/Depto-51-Kathryn-y-Pedro19-500x333.jpg 500w, https:\/\/depto51.cl\/blog\/wp-content\/uploads\/2014\/05\/Depto-51-Kathryn-y-Pedro19-600x400.jpg 600w, https:\/\/depto51.cl\/blog\/wp-content\/uploads\/2014\/05\/Depto-51-Kathryn-y-Pedro19.jpg 1620w\" sizes=\"(max-width: 1024px) 100vw, 1024px\" \/> <img loading=\"lazy\" class=\"aligncenter size-large wp-image-20150\" alt=\"Depto 51 - Kathryn  y Pedro26\" src=\"https:\/\/depto51.cl\/blog\/wp-content\/uploads\/2014\/05\/Depto-51-Kathryn-y-Pedro26-791x1024.jpg\" width=\"791\" height=\"1024\" srcset=\"https:\/\/depto51.cl\/blog\/wp-content\/uploads\/2014\/05\/Depto-51-Kathryn-y-Pedro26-791x1024.jpg 791w, https:\/\/depto51.cl\/blog\/wp-content\/uploads\/2014\/05\/Depto-51-Kathryn-y-Pedro26-386x500.jpg 386w, https:\/\/depto51.cl\/blog\/wp-content\/uploads\/2014\/05\/Depto-51-Kathryn-y-Pedro26.jpg 1080w\" sizes=\"(max-width: 791px) 100vw, 791px\" \/> <img loading=\"lazy\" class=\"aligncenter size-large wp-image-20152\" alt=\"Depto 51 - Kathryn  y Pedro28\" src=\"https:\/\/depto51.cl\/blog\/wp-content\/uploads\/2014\/05\/Depto-51-Kathryn-y-Pedro28-1024x741.jpg\" width=\"1024\" height=\"741\" srcset=\"https:\/\/depto51.cl\/blog\/wp-content\/uploads\/2014\/05\/Depto-51-Kathryn-y-Pedro28-1024x741.jpg 1024w, https:\/\/depto51.cl\/blog\/wp-content\/uploads\/2014\/05\/Depto-51-Kathryn-y-Pedro28-500x361.jpg 500w, https:\/\/depto51.cl\/blog\/wp-content\/uploads\/2014\/05\/Depto-51-Kathryn-y-Pedro28.jpg 1492w\" sizes=\"(max-width: 1024px) 100vw, 1024px\" \/> <img loading=\"lazy\" class=\"aligncenter size-large wp-image-20153\" alt=\"Depto 51 - Kathryn  y Pedro29\" src=\"https:\/\/depto51.cl\/blog\/wp-content\/uploads\/2014\/05\/Depto-51-Kathryn-y-Pedro29-1024x680.jpg\" width=\"1024\" height=\"680\" srcset=\"https:\/\/depto51.cl\/blog\/wp-content\/uploads\/2014\/05\/Depto-51-Kathryn-y-Pedro29-1024x680.jpg 1024w, https:\/\/depto51.cl\/blog\/wp-content\/uploads\/2014\/05\/Depto-51-Kathryn-y-Pedro29-500x332.jpg 500w, https:\/\/depto51.cl\/blog\/wp-content\/uploads\/2014\/05\/Depto-51-Kathryn-y-Pedro29.jpg 1626w\" sizes=\"(max-width: 1024px) 100vw, 1024px\" \/> <img loading=\"lazy\" class=\"aligncenter size-large wp-image-20154\" alt=\"Depto 51 - Kathryn  y Pedro31\" src=\"https:\/\/depto51.cl\/blog\/wp-content\/uploads\/2014\/05\/Depto-51-Kathryn-y-Pedro31-1024x682.jpg\" width=\"1024\" height=\"682\" srcset=\"https:\/\/depto51.cl\/blog\/wp-content\/uploads\/2014\/05\/Depto-51-Kathryn-y-Pedro31-1024x682.jpg 1024w, https:\/\/depto51.cl\/blog\/wp-content\/uploads\/2014\/05\/Depto-51-Kathryn-y-Pedro31-500x333.jpg 500w, https:\/\/depto51.cl\/blog\/wp-content\/uploads\/2014\/05\/Depto-51-Kathryn-y-Pedro31-600x400.jpg 600w, https:\/\/depto51.cl\/blog\/wp-content\/uploads\/2014\/05\/Depto-51-Kathryn-y-Pedro31.jpg 1620w\" sizes=\"(max-width: 1024px) 100vw, 1024px\" \/> <img loading=\"lazy\" class=\"aligncenter size-large wp-image-20155\" alt=\"Depto 51 - Kathryn  y Pedro33\" src=\"https:\/\/depto51.cl\/blog\/wp-content\/uploads\/2014\/05\/Depto-51-Kathryn-y-Pedro33-1024x682.jpg\" width=\"1024\" height=\"682\" srcset=\"https:\/\/depto51.cl\/blog\/wp-content\/uploads\/2014\/05\/Depto-51-Kathryn-y-Pedro33-1024x682.jpg 1024w, https:\/\/depto51.cl\/blog\/wp-content\/uploads\/2014\/05\/Depto-51-Kathryn-y-Pedro33-500x333.jpg 500w, https:\/\/depto51.cl\/blog\/wp-content\/uploads\/2014\/05\/Depto-51-Kathryn-y-Pedro33-600x400.jpg 600w, https:\/\/depto51.cl\/blog\/wp-content\/uploads\/2014\/05\/Depto-51-Kathryn-y-Pedro33.jpg 1620w\" sizes=\"(max-width: 1024px) 100vw, 1024px\" \/><\/p>\n","protected":false},"excerpt":{"rendered":"<p>Kathryn y Pedro ten\u00edan muchos requerimientos para el departamento que quer\u00edan comprar, pero cuando vieron este, los dos se miraron y supieron que era el indicado. Aunque tuvieron que botar y mover muros, cambiar los closets e incluso hacer un patio nuevo que no exist\u00eda, el departamento se ve como si hubiera sido siempre as\u00ed&#8230;<\/p>\n","protected":false},"author":1,"featured_media":20134,"comment_status":"open","ping_status":"open","sticky":false,"template":"","format":"standard","meta":[],"categories":[11],"tags":[273,138,175,281,324,323],"acf":[],"_links":{"self":[{"href":"https:\/\/depto51.cl\/blog\/wp-json\/wp\/v2\/posts\/20131"}],"collection":[{"href":"https:\/\/depto51.cl\/blog\/wp-json\/wp\/v2\/posts"}],"about":[{"href":"https:\/\/depto51.cl\/blog\/wp-json\/wp\/v2\/types\/post"}],"author":[{"embeddable":true,"href":"https:\/\/depto51.cl\/blog\/wp-json\/wp\/v2\/users\/1"}],"replies":[{"embeddable":true,"href":"https:\/\/depto51.cl\/blog\/wp-json\/wp\/v2\/comments?post=20131"}],"version-history":[{"count":0,"href":"https:\/\/depto51.cl\/blog\/wp-json\/wp\/v2\/posts\/20131\/revisions"}],"wp:featuredmedia":[{"embeddable":true,"href":"https:\/\/depto51.cl\/blog\/wp-json\/wp\/v2\/media\/20134"}],"wp:attachment":[{"href":"https:\/\/depto51.cl\/blog\/wp-json\/wp\/v2\/media?parent=20131"}],"wp:term":[{"taxonomy":"category","embeddable":true,"href":"https:\/\/depto51.cl\/blog\/wp-json\/wp\/v2\/categories?post=20131"},{"taxonomy":"post_tag","embeddable":true,"href":"https:\/\/depto51.cl\/blog\/wp-json\/wp\/v2\/tags?post=20131"}],"curies":[{"name":"wp","href":"https:\/\/api.w.org\/{rel}","templated":true}]}}