

{"id":19734,"date":"2014-05-10T10:08:40","date_gmt":"2014-05-10T14:08:40","guid":{"rendered":"https:\/\/depto51.cl\/blog\/?p=19734"},"modified":"2014-06-01T13:50:06","modified_gmt":"2014-06-01T17:50:06","slug":"muebles-multifuncionales","status":"publish","type":"post","link":"https:\/\/depto51.cl\/blog\/2014\/05\/10\/muebles-multifuncionales\/","title":{"rendered":"Muebles Multifuncionales"},"content":{"rendered":"<p>En tiempos como este, donde los departamentos son cada vez m\u00e1s peque\u00f1os, cobra mucha importancia la multifuncionalidad. Hoy todos esperamos que que una cosa sirva para m\u00e1s de una cosa y es un desaf\u00edo para los dise\u00f1adores el crear muebles y objetos que cumplan con estas expectativas. Ac\u00e1 les muestro varios ejemplos de muebles multifuncionales que me llamaron la atenci\u00f3n por lo pr\u00e1cticos y bien dise\u00f1ados.<\/p>\n<p>Este sof\u00e1-repisa-l\u00e1mpara-mesa se llama <a href=\"https:\/\/www.behance.net\/gallery\/Herb\/14850077\" target=\"_blank\">Herb<\/a> y es un dise\u00f1o de <a href=\"https:\/\/www.behance.net\/burakkocak\" target=\"_blank\">Burak Kocak.<\/a> Lo am\u00e9!<\/p>\n<p><img loading=\"lazy\" class=\"alignleft size-full wp-image-19736\" alt=\"Herb-Multifunctional-Sofa-Burak-Kocak-2-600x300\" src=\"https:\/\/depto51.cl\/blog\/wp-content\/uploads\/2014\/05\/Herb-Multifunctional-Sofa-Burak-Kocak-2-600x300.jpg\" width=\"600\" height=\"300\" srcset=\"https:\/\/depto51.cl\/blog\/wp-content\/uploads\/2014\/05\/Herb-Multifunctional-Sofa-Burak-Kocak-2-600x300.jpg 600w, https:\/\/depto51.cl\/blog\/wp-content\/uploads\/2014\/05\/Herb-Multifunctional-Sofa-Burak-Kocak-2-600x300-500x250.jpg 500w\" sizes=\"(max-width: 600px) 100vw, 600px\" \/><\/p>\n<p>&nbsp;<\/p>\n<p>&nbsp;<\/p>\n<p>&nbsp;<\/p>\n<p>&nbsp;<\/p>\n<p>&nbsp;<\/p>\n<p>&nbsp;<\/p>\n<p>&nbsp;<\/p>\n<p>&nbsp;<\/p>\n<p>&nbsp;<\/p>\n<p>&nbsp;<\/p>\n<p><img loading=\"lazy\" class=\"alignleft size-large wp-image-19735\" alt=\"Herb-Multifunctional-Sofa-Burak-Kocak-1\" src=\"https:\/\/depto51.cl\/blog\/wp-content\/uploads\/2014\/05\/Herb-Multifunctional-Sofa-Burak-Kocak-1-1024x512.jpg\" width=\"1024\" height=\"512\" srcset=\"https:\/\/depto51.cl\/blog\/wp-content\/uploads\/2014\/05\/Herb-Multifunctional-Sofa-Burak-Kocak-1-1024x512.jpg 1024w, https:\/\/depto51.cl\/blog\/wp-content\/uploads\/2014\/05\/Herb-Multifunctional-Sofa-Burak-Kocak-1-500x250.jpg 500w, https:\/\/depto51.cl\/blog\/wp-content\/uploads\/2014\/05\/Herb-Multifunctional-Sofa-Burak-Kocak-1-768x384.jpg 768w, https:\/\/depto51.cl\/blog\/wp-content\/uploads\/2014\/05\/Herb-Multifunctional-Sofa-Burak-Kocak-1.jpg 1280w\" sizes=\"(max-width: 1024px) 100vw, 1024px\" \/><\/p>\n<p>La estaci\u00f3n de trabajo <a href=\"http:\/\/www.homesourceinternational.com\/pi-workstation-1632#.UrH692RsmWZ\" target=\"_blank\">Pi<\/a>, fue dise\u00f1ada por Joe Manus para <a href=\"http:\/\/www.shinerinternational.com\" target=\"_blank\">Shiner International.<\/a> Puede funcionar como scritorio, repisa y banqueta.<\/p>\n<p><img loading=\"lazy\" class=\"alignleft size-full wp-image-19739\" alt=\"Pi-Workstation-B\" src=\"https:\/\/depto51.cl\/blog\/wp-content\/uploads\/2014\/05\/Pi-Workstation-B1.jpg\" width=\"600\" height=\"573\" srcset=\"https:\/\/depto51.cl\/blog\/wp-content\/uploads\/2014\/05\/Pi-Workstation-B1.jpg 600w, https:\/\/depto51.cl\/blog\/wp-content\/uploads\/2014\/05\/Pi-Workstation-B1-500x477.jpg 500w\" sizes=\"(max-width: 600px) 100vw, 600px\" \/><\/p>\n<p>&nbsp;<\/p>\n<p>&nbsp;<\/p>\n<p>&nbsp;<\/p>\n<p>&nbsp;<\/p>\n<p>&nbsp;<\/p>\n<p>&nbsp;<\/p>\n<p>&nbsp;<\/p>\n<p>&nbsp;<\/p>\n<p>&nbsp;<\/p>\n<p>&nbsp;<\/p>\n<p>&nbsp;<\/p>\n<p>&nbsp;<\/p>\n<p>&nbsp;<\/p>\n<p>&nbsp;<\/p>\n<p>&nbsp;<\/p>\n<p>&nbsp;<\/p>\n<p>&nbsp;<\/p>\n<p>&nbsp;<\/p>\n<p>Esta l\u00e1mpara es mucho m\u00e1s que un objeto de iluminaci\u00f3n. Es un organizador de escritorio con espacio para guardar l\u00e1pices, tarjetas y cartas. Es un dise\u00f1o de <a href=\"http:\/\/www.tommasobistacchi.com\/\" target=\"_blank\">Tommaso Bistacchi<\/a> para <a href=\"http:\/\/www.valsecchi1918.it\/\" target=\"_blank\">Valsecchi 1918<\/a><\/p>\n<p><img loading=\"lazy\" class=\"alignleft size-full wp-image-19740\" alt=\"valsecchi1918-edi-multifunctional-desk-lamp\" src=\"https:\/\/depto51.cl\/blog\/wp-content\/uploads\/2014\/05\/valsecchi1918-edi-multifunctional-desk-lamp.jpg\" width=\"600\" height=\"423\" srcset=\"https:\/\/depto51.cl\/blog\/wp-content\/uploads\/2014\/05\/valsecchi1918-edi-multifunctional-desk-lamp.jpg 600w, https:\/\/depto51.cl\/blog\/wp-content\/uploads\/2014\/05\/valsecchi1918-edi-multifunctional-desk-lamp-500x352.jpg 500w, https:\/\/depto51.cl\/blog\/wp-content\/uploads\/2014\/05\/valsecchi1918-edi-multifunctional-desk-lamp-470x330.jpg 470w, https:\/\/depto51.cl\/blog\/wp-content\/uploads\/2014\/05\/valsecchi1918-edi-multifunctional-desk-lamp-306x215.jpg 306w\" sizes=\"(max-width: 600px) 100vw, 600px\" \/><\/p>\n<p>&nbsp;<\/p>\n<p>&nbsp;<\/p>\n<p>&nbsp;<\/p>\n<p>&nbsp;<\/p>\n<p>&nbsp;<\/p>\n<p>&nbsp;<\/p>\n<p>&nbsp;<\/p>\n<p>&nbsp;<\/p>\n<p>&nbsp;<\/p>\n<p>&nbsp;<\/p>\n<p>&nbsp;<\/p>\n<p>&nbsp;<\/p>\n<p>&nbsp;<\/p>\n<p>&nbsp;<\/p>\n<p>Esta mesa-bandeja es parte de una serie llamada <a href=\"http:\/\/www.simonesimonelli.it\/projects\/Maisonnette\/\" target=\"_blank\">Maisonnette<\/a> que incluye distintos muebles destinados a la organizaci\u00f3n. Es dise\u00f1o de la italiana <a href=\"http:\/\/www.simonesimonelli.it\/\" target=\"_blank\">Simone Simonelli<\/a><\/p>\n<p><img loading=\"lazy\" class=\"alignleft size-full wp-image-19738\" alt=\"Maisonnette-8\" src=\"https:\/\/depto51.cl\/blog\/wp-content\/uploads\/2014\/05\/Maisonnette-8.jpg\" width=\"500\" height=\"726\" srcset=\"https:\/\/depto51.cl\/blog\/wp-content\/uploads\/2014\/05\/Maisonnette-8.jpg 500w, https:\/\/depto51.cl\/blog\/wp-content\/uploads\/2014\/05\/Maisonnette-8-344x500.jpg 344w\" sizes=\"(max-width: 500px) 100vw, 500px\" \/><\/p>\n<p>&nbsp;<\/p>\n<p>&nbsp;<\/p>\n<p>&nbsp;<\/p>\n<p>&nbsp;<\/p>\n<p>&nbsp;<\/p>\n<p>&nbsp;<\/p>\n<p>&nbsp;<\/p>\n<p>&nbsp;<\/p>\n<p>&nbsp;<\/p>\n<p>&nbsp;<\/p>\n<p>&nbsp;<\/p>\n<p>&nbsp;<\/p>\n<p>&nbsp;<\/p>\n<p>&nbsp;<\/p>\n<p>&nbsp;<\/p>\n<p>&nbsp;<\/p>\n<p>&nbsp;<\/p>\n<p>&nbsp;<\/p>\n<p>&nbsp;<\/p>\n<p>&nbsp;<\/p>\n<p>&nbsp;<\/p>\n<p>&nbsp;<\/p>\n<p>&nbsp;<\/p>\n<p>Este adorable sof\u00e1-cama es muy distinto a todo lo que conocemos al respecto. Mediante distintas piezas se puede acomodar su uso seg\u00fan lo que se necesite en cada ocasi\u00f3n. Es un dise\u00f1o de <strong><a href=\"http:\/\/www.joa-herrenknecht.com\/Studio-Joa-Herrenknecht\" target=\"_blank\">Joa Herrenknecht<\/a><\/strong> y se llama Sushi.<\/p>\n<p><img loading=\"lazy\" class=\"alignleft size-full wp-image-19748\" alt=\"Sushi_Sofa_1\" src=\"https:\/\/depto51.cl\/blog\/wp-content\/uploads\/2014\/05\/Sushi_Sofa_1.jpg\" width=\"600\" height=\"424\" srcset=\"https:\/\/depto51.cl\/blog\/wp-content\/uploads\/2014\/05\/Sushi_Sofa_1.jpg 600w, https:\/\/depto51.cl\/blog\/wp-content\/uploads\/2014\/05\/Sushi_Sofa_1-500x353.jpg 500w, https:\/\/depto51.cl\/blog\/wp-content\/uploads\/2014\/05\/Sushi_Sofa_1-306x215.jpg 306w\" sizes=\"(max-width: 600px) 100vw, 600px\" \/> <img loading=\"lazy\" class=\"alignleft size-large wp-image-19749\" alt=\"Sushi_Sofa_3\" src=\"https:\/\/depto51.cl\/blog\/wp-content\/uploads\/2014\/05\/Sushi_Sofa_3.jpg\" width=\"600\" height=\"399\" srcset=\"https:\/\/depto51.cl\/blog\/wp-content\/uploads\/2014\/05\/Sushi_Sofa_3.jpg 600w, https:\/\/depto51.cl\/blog\/wp-content\/uploads\/2014\/05\/Sushi_Sofa_3-500x332.jpg 500w\" sizes=\"(max-width: 600px) 100vw, 600px\" \/><\/p>\n<p>&nbsp;<\/p>\n<p>&nbsp;<\/p>\n<p>&nbsp;<\/p>\n<p>&nbsp;<\/p>\n<p>&nbsp;<\/p>\n<p>&nbsp;<\/p>\n<p>&nbsp;<\/p>\n<p>&nbsp;<\/p>\n<p>&nbsp;<\/p>\n<p>&nbsp;<\/p>\n<p>&nbsp;<\/p>\n<p>&nbsp;<\/p>\n<p>&nbsp;<\/p>\n<p>&nbsp;<\/p>\n<p>&nbsp;<\/p>\n<p>&nbsp;<\/p>\n<p>&nbsp;<\/p>\n<p>&nbsp;<\/p>\n<p>&nbsp;<\/p>\n<p>&nbsp;<\/p>\n<p>&nbsp;<\/p>\n<p>&nbsp;<\/p>\n<p>&nbsp;<\/p>\n<p>&nbsp;<\/p>\n<p>&nbsp;<\/p>\n<p>&nbsp;<\/p>\n<p>Este set multifuncional se llama <a href=\"http:\/\/www.agnieszkamazur.com.pl\/index.php?\/ongoing\/table-with-adjustable-hight\/\" target=\"_blank\">Takka<\/a> e incluye en dos pisos desmontables y una mesa ajustable. Se puede usar como mesa de centro, mesa de caf\u00e9 y los pisos se pueden adjuntar para no ocupar espacio extra. Es un dise\u00f1o de <a href=\"http:\/\/www.agnieszkamazur.com.pl\" target=\"_blank\">Agnieszka Mazur.<\/a><\/p>\n<p><img loading=\"lazy\" class=\"alignleft size-full wp-image-19741\" alt=\"AgnieszkaMazur_takka\" src=\"https:\/\/depto51.cl\/blog\/wp-content\/uploads\/2014\/05\/AgnieszkaMazur_takka.jpg\" width=\"500\" height=\"427\" \/> <img loading=\"lazy\" class=\"alignleft size-large wp-image-19742\" alt=\"AgnieszkaMazur_takka2\" src=\"https:\/\/depto51.cl\/blog\/wp-content\/uploads\/2014\/05\/AgnieszkaMazur_takka2.jpg\" width=\"500\" height=\"352\" srcset=\"https:\/\/depto51.cl\/blog\/wp-content\/uploads\/2014\/05\/AgnieszkaMazur_takka2.jpg 500w, https:\/\/depto51.cl\/blog\/wp-content\/uploads\/2014\/05\/AgnieszkaMazur_takka2-470x330.jpg 470w, https:\/\/depto51.cl\/blog\/wp-content\/uploads\/2014\/05\/AgnieszkaMazur_takka2-306x215.jpg 306w\" sizes=\"(max-width: 500px) 100vw, 500px\" \/> <img loading=\"lazy\" class=\"alignleft size-large wp-image-19743\" alt=\"AgnieszkaMazur_takka3\" src=\"https:\/\/depto51.cl\/blog\/wp-content\/uploads\/2014\/05\/AgnieszkaMazur_takka3.jpg\" width=\"500\" height=\"577\" srcset=\"https:\/\/depto51.cl\/blog\/wp-content\/uploads\/2014\/05\/AgnieszkaMazur_takka3.jpg 500w, https:\/\/depto51.cl\/blog\/wp-content\/uploads\/2014\/05\/AgnieszkaMazur_takka3-433x500.jpg 433w\" sizes=\"(max-width: 500px) 100vw, 500px\" \/><\/p>\n<p>&nbsp;<\/p>\n<p>&nbsp;<\/p>\n<p>&nbsp;<\/p>\n","protected":false},"excerpt":{"rendered":"<p>En tiempos como este, donde los departamentos son cada vez m\u00e1s peque\u00f1os, cobra mucha importancia la multifuncionalidad. Hoy todos esperamos que que una cosa sirva para m\u00e1s de una cosa y es un desaf\u00edo para los dise\u00f1adores el crear muebles y objetos que cumplan con estas expectativas. Ac\u00e1 les muestro varios ejemplos de muebles multifuncionales&#8230;<\/p>\n","protected":false},"author":1,"featured_media":19735,"comment_status":"open","ping_status":"open","sticky":false,"template":"","format":"standard","meta":[],"categories":[13],"tags":[299,298],"acf":[],"_links":{"self":[{"href":"https:\/\/depto51.cl\/blog\/wp-json\/wp\/v2\/posts\/19734"}],"collection":[{"href":"https:\/\/depto51.cl\/blog\/wp-json\/wp\/v2\/posts"}],"about":[{"href":"https:\/\/depto51.cl\/blog\/wp-json\/wp\/v2\/types\/post"}],"author":[{"embeddable":true,"href":"https:\/\/depto51.cl\/blog\/wp-json\/wp\/v2\/users\/1"}],"replies":[{"embeddable":true,"href":"https:\/\/depto51.cl\/blog\/wp-json\/wp\/v2\/comments?post=19734"}],"version-history":[{"count":0,"href":"https:\/\/depto51.cl\/blog\/wp-json\/wp\/v2\/posts\/19734\/revisions"}],"wp:featuredmedia":[{"embeddable":true,"href":"https:\/\/depto51.cl\/blog\/wp-json\/wp\/v2\/media\/19735"}],"wp:attachment":[{"href":"https:\/\/depto51.cl\/blog\/wp-json\/wp\/v2\/media?parent=19734"}],"wp:term":[{"taxonomy":"category","embeddable":true,"href":"https:\/\/depto51.cl\/blog\/wp-json\/wp\/v2\/categories?post=19734"},{"taxonomy":"post_tag","embeddable":true,"href":"https:\/\/depto51.cl\/blog\/wp-json\/wp\/v2\/tags?post=19734"}],"curies":[{"name":"wp","href":"https:\/\/api.w.org\/{rel}","templated":true}]}}