

{"id":16661,"date":"2013-11-12T08:49:27","date_gmt":"2013-11-12T12:49:27","guid":{"rendered":"https:\/\/depto51.cl\/blog\/?p=16661"},"modified":"2014-03-10T14:31:34","modified_gmt":"2014-03-10T18:31:34","slug":"36m2-en-el-edificio-copan","status":"publish","type":"post","link":"https:\/\/depto51.cl\/blog\/2013\/11\/12\/36m2-en-el-edificio-copan\/","title":{"rendered":"36m2 en el Edificio Copan"},"content":{"rendered":"<p>El <a href=\"http:\/\/www.copansp.com.br\/\" target=\"_blank\">edificio Copan<\/a>, del famos\u00edsimo arquitecto Oscar Niemeyer y levantado en la d\u00e9cada de 50, es sin dudas una de las postales m\u00e1s conocidas de San Pablo. A m\u00ed me encantan sus formas sinuosas, marca registrada de su creador. En el Copan hay 1.160 apartamentos, muchos de ellos son muy peque\u00f1os con s\u00f3lo 36m2. Como \u00e9ste que les voy a mostrar hoy. Su due\u00f1o es un decorador de interiores bastante conocido por estos lados: <a href=\"http:\/\/gabrielvaldivieso.com.br\/ultimas\/\" target=\"_blank\">Gabriel Valdivieso<\/a>, que escribe el <a href=\"http:\/\/quartoesala.etc.br\/\" target=\"_blank\">blog Quarto &amp; Sala<\/a>. En pocos metros \u00e9l despliega muchas piezas de familia mezcladas con otros muebles de \u00e9poca comprados en anticuarios. El color est\u00e1 en la cocina rosa, el verde menta en el cuarto y la sala, y el verde del armario-estante que es la \u00fanica divisi\u00f3n entre ambientes. Simplemente lindo, \u00bfno?<\/p>\n<p><a href=\"https:\/\/depto51.cl\/blog\/wp-content\/uploads\/2013\/11\/gabriel-valdivieso-1.jpg\"><img loading=\"lazy\" class=\"alignnone size-full wp-image-16664\" alt=\"gabriel valdivieso 1\" src=\"https:\/\/depto51.cl\/blog\/wp-content\/uploads\/2013\/11\/gabriel-valdivieso-1.jpg\" width=\"600\" height=\"398\" srcset=\"https:\/\/depto51.cl\/blog\/wp-content\/uploads\/2013\/11\/gabriel-valdivieso-1.jpg 600w, https:\/\/depto51.cl\/blog\/wp-content\/uploads\/2013\/11\/gabriel-valdivieso-1-500x331.jpg 500w\" sizes=\"(max-width: 600px) 100vw, 600px\" \/><\/a><\/p>\n<p><a href=\"https:\/\/depto51.cl\/blog\/wp-content\/uploads\/2013\/11\/gabriel-valdivieso-5.jpg\"><img loading=\"lazy\" class=\"alignnone size-full wp-image-16668\" alt=\"gabriel valdivieso 5\" src=\"https:\/\/depto51.cl\/blog\/wp-content\/uploads\/2013\/11\/gabriel-valdivieso-5.jpg\" width=\"600\" height=\"767\" srcset=\"https:\/\/depto51.cl\/blog\/wp-content\/uploads\/2013\/11\/gabriel-valdivieso-5.jpg 600w, https:\/\/depto51.cl\/blog\/wp-content\/uploads\/2013\/11\/gabriel-valdivieso-5-391x500.jpg 391w\" sizes=\"(max-width: 600px) 100vw, 600px\" \/><\/a><\/p>\n<p><a href=\"https:\/\/depto51.cl\/blog\/wp-content\/uploads\/2013\/11\/gabriel-valdivieso-4.jpg\"><img loading=\"lazy\" class=\"alignnone size-full wp-image-16667\" alt=\"gabriel valdivieso 4\" src=\"https:\/\/depto51.cl\/blog\/wp-content\/uploads\/2013\/11\/gabriel-valdivieso-4.jpg\" width=\"600\" height=\"450\" srcset=\"https:\/\/depto51.cl\/blog\/wp-content\/uploads\/2013\/11\/gabriel-valdivieso-4.jpg 600w, https:\/\/depto51.cl\/blog\/wp-content\/uploads\/2013\/11\/gabriel-valdivieso-4-500x375.jpg 500w\" sizes=\"(max-width: 600px) 100vw, 600px\" \/><\/a><\/p>\n<p><a href=\"https:\/\/depto51.cl\/blog\/wp-content\/uploads\/2013\/11\/gabriel-valdivieso-2.jpg\"><img loading=\"lazy\" class=\"alignnone size-full wp-image-16665\" alt=\"gabriel valdivieso 2\" src=\"https:\/\/depto51.cl\/blog\/wp-content\/uploads\/2013\/11\/gabriel-valdivieso-2.jpg\" width=\"600\" height=\"392\" srcset=\"https:\/\/depto51.cl\/blog\/wp-content\/uploads\/2013\/11\/gabriel-valdivieso-2.jpg 600w, https:\/\/depto51.cl\/blog\/wp-content\/uploads\/2013\/11\/gabriel-valdivieso-2-500x326.jpg 500w\" sizes=\"(max-width: 600px) 100vw, 600px\" \/><\/a><\/p>\n<p><a href=\"https:\/\/depto51.cl\/blog\/wp-content\/uploads\/2013\/11\/gabriel-valdivieso-3.jpg\"><img loading=\"lazy\" class=\"alignnone size-full wp-image-16666\" alt=\"gabriel valdivieso 3\" src=\"https:\/\/depto51.cl\/blog\/wp-content\/uploads\/2013\/11\/gabriel-valdivieso-3.jpg\" width=\"600\" height=\"415\" srcset=\"https:\/\/depto51.cl\/blog\/wp-content\/uploads\/2013\/11\/gabriel-valdivieso-3.jpg 600w, https:\/\/depto51.cl\/blog\/wp-content\/uploads\/2013\/11\/gabriel-valdivieso-3-500x346.jpg 500w\" sizes=\"(max-width: 600px) 100vw, 600px\" \/><\/a><\/p>\n<p><a href=\"https:\/\/depto51.cl\/blog\/wp-content\/uploads\/2013\/11\/copan.jpg\"><img loading=\"lazy\" class=\"alignnone size-full wp-image-16663\" alt=\"copan\" src=\"https:\/\/depto51.cl\/blog\/wp-content\/uploads\/2013\/11\/copan.jpg\" width=\"600\" height=\"450\" srcset=\"https:\/\/depto51.cl\/blog\/wp-content\/uploads\/2013\/11\/copan.jpg 600w, https:\/\/depto51.cl\/blog\/wp-content\/uploads\/2013\/11\/copan-500x375.jpg 500w\" sizes=\"(max-width: 600px) 100vw, 600px\" \/><\/a><\/p>\n<p>Fotos de <a href=\"http:\/\/casa.abril.com.br\/materia\/quitinete-de-36-m2-no-edificio-copan-cheia-de-emocoes\" target=\"_blank\">Casa.com.br<\/a>\u00a0&#8211; Copan <a href=\"http:\/\/casa.abril.com.br\/materia\/copan-tera-fachada-reformada-e-museu-em-homenagem-a-niemeyer\" target=\"_blank\">1<\/a> \u00a0&#8211; <a href=\"http:\/\/casa.abril.com.br\/materia\/conheca-os-predios-residenciais-que-sao-marcos-arquitetonicos-de-sp#5\" target=\"_blank\">2<\/a><\/p>\n","protected":false},"excerpt":{"rendered":"<p>El edificio Copan, del famos\u00edsimo arquitecto Oscar Niemeyer y levantado en la d\u00e9cada de 50, es sin dudas una de las postales m\u00e1s conocidas de San Pablo. A m\u00ed me encantan sus formas sinuosas, marca registrada de su creador. En el Copan hay 1.160 apartamentos, muchos de ellos son muy peque\u00f1os con s\u00f3lo 36m2. Como&#8230;<\/p>\n","protected":false},"author":21,"featured_media":16666,"comment_status":"open","ping_status":"open","sticky":false,"template":"","format":"standard","meta":[],"categories":[1],"tags":[20,35,176],"acf":[],"_links":{"self":[{"href":"https:\/\/depto51.cl\/blog\/wp-json\/wp\/v2\/posts\/16661"}],"collection":[{"href":"https:\/\/depto51.cl\/blog\/wp-json\/wp\/v2\/posts"}],"about":[{"href":"https:\/\/depto51.cl\/blog\/wp-json\/wp\/v2\/types\/post"}],"author":[{"embeddable":true,"href":"https:\/\/depto51.cl\/blog\/wp-json\/wp\/v2\/users\/21"}],"replies":[{"embeddable":true,"href":"https:\/\/depto51.cl\/blog\/wp-json\/wp\/v2\/comments?post=16661"}],"version-history":[{"count":0,"href":"https:\/\/depto51.cl\/blog\/wp-json\/wp\/v2\/posts\/16661\/revisions"}],"wp:featuredmedia":[{"embeddable":true,"href":"https:\/\/depto51.cl\/blog\/wp-json\/wp\/v2\/media\/16666"}],"wp:attachment":[{"href":"https:\/\/depto51.cl\/blog\/wp-json\/wp\/v2\/media?parent=16661"}],"wp:term":[{"taxonomy":"category","embeddable":true,"href":"https:\/\/depto51.cl\/blog\/wp-json\/wp\/v2\/categories?post=16661"},{"taxonomy":"post_tag","embeddable":true,"href":"https:\/\/depto51.cl\/blog\/wp-json\/wp\/v2\/tags?post=16661"}],"curies":[{"name":"wp","href":"https:\/\/api.w.org\/{rel}","templated":true}]}}