

{"id":16460,"date":"2013-11-03T16:49:44","date_gmt":"2013-11-03T20:49:44","guid":{"rendered":"https:\/\/depto51.cl\/blog\/?p=16460"},"modified":"2013-11-04T13:30:38","modified_gmt":"2013-11-04T17:30:38","slug":"visita-a-casa-cor-chile-2013","status":"publish","type":"post","link":"https:\/\/depto51.cl\/blog\/2013\/11\/03\/visita-a-casa-cor-chile-2013\/","title":{"rendered":"Visita a Casa Cor Chile 2013"},"content":{"rendered":"<p>Hace algunos d\u00edas pasamos una agradable tarde en la versi\u00f3n 2013 de Casa Cor Chile. Almorzamos muy rico en el restaurant La Cociner\u00eda y luego recorrimos cada uno de los espacios que conforman la muestra m\u00e1s importante de decoraci\u00f3n del pa\u00eds. Esta es la \u00faltima semana de exposici\u00f3n y <strong>los d\u00edas 8,9 y 10 se har\u00e1 una venta de la mayor\u00eda de las cosas de todos los espacios.\u00a0 <\/strong><\/p>\n<p>Direcci\u00f3n:\u00a0 Av. Las Condes 11755<\/p>\n<p>Horario: Mi\u00e9rcoles a Domingo de 12.00 a 21.00 Hrs. Abierto d\u00edas feriados.<\/p>\n<p>Valor de la entrada: General: $6.000.- Estudiantes: $3.000. Tercera edad: $3.000 (Mayores de 65 a\u00f1os). Tarjeta Vecino Las Condes: $3.000. Ni\u00f1os menores de 8 a\u00f1os no pagan. Promoci\u00f3n Mujeres (mi\u00e9rcoles a viernes): 2\u00d73 (pagan dos y entran tres). Clientes BBVA: 25% descuento.<\/p>\n<p>Aqu\u00ed les mostramos los espacios que m\u00e1s nos gustaron:<\/p>\n<p><a href=\"https:\/\/depto51.cl\/blog\/wp-content\/uploads\/2013\/11\/casacor1.png\"><img loading=\"lazy\" class=\"alignnone size-full wp-image-16570\" alt=\"casacor1\" src=\"https:\/\/depto51.cl\/blog\/wp-content\/uploads\/2013\/11\/casacor1.png\" width=\"938\" height=\"605\" srcset=\"https:\/\/depto51.cl\/blog\/wp-content\/uploads\/2013\/11\/casacor1.png 938w, https:\/\/depto51.cl\/blog\/wp-content\/uploads\/2013\/11\/casacor1-500x322.png 500w\" sizes=\"(max-width: 938px) 100vw, 938px\" \/><\/a><\/p>\n<p>\u2191 Este espacio es el que desaroll\u00f3 B\u00e1rbara Fern\u00e1ndez, es un microdepartamento de 30m2 donde los muebles tienen varias funcionalidades y cada centimetro esta super bien aprovechado. Gan\u00f3 el premio de originalidad y no podemos estar m\u00e1s de acuerdo!<a href=\"https:\/\/depto51.cl\/blog\/wp-content\/uploads\/2013\/10\/14-Pieza-de-guagua-volver-al-inicio-1983-2013-Mari\u0301a-Jose\u0301-Tagle-y-Gabriela-Balbolti\u0301n-hija-y-madre.jpg\"><br \/>\n<\/a><\/p>\n<p><a href=\"https:\/\/depto51.cl\/blog\/wp-content\/uploads\/2013\/11\/casacor2.jpg\"><img loading=\"lazy\" class=\"alignnone size-full wp-image-16569\" alt=\"casacor2\" src=\"https:\/\/depto51.cl\/blog\/wp-content\/uploads\/2013\/11\/casacor2.jpg\" width=\"800\" height=\"532\" srcset=\"https:\/\/depto51.cl\/blog\/wp-content\/uploads\/2013\/11\/casacor2.jpg 800w, https:\/\/depto51.cl\/blog\/wp-content\/uploads\/2013\/11\/casacor2-500x332.jpg 500w, https:\/\/depto51.cl\/blog\/wp-content\/uploads\/2013\/11\/casacor2-600x400.jpg 600w\" sizes=\"(max-width: 800px) 100vw, 800px\" \/><\/a><\/p>\n<p>\u2191 Esta pieza de guagua tan linda fue creada por la dupla madre-hija de Mar\u00eda Jos\u00e9 Tagle y Gabriela Balbont\u00edn. Nos encant\u00f3 el muro de estrellas y el uso diferente a los tableros de MDF. Nos pareci\u00f3 un dormitorio muy tranquilo, c\u00e1lido y lleno de buenas ideas para anotar.<\/p>\n<p><a href=\"https:\/\/depto51.cl\/blog\/wp-content\/uploads\/2013\/11\/casacor3.jpg\"><img loading=\"lazy\" class=\"alignnone size-full wp-image-16568\" alt=\"casacor3\" src=\"https:\/\/depto51.cl\/blog\/wp-content\/uploads\/2013\/11\/casacor3.jpg\" width=\"800\" height=\"532\" srcset=\"https:\/\/depto51.cl\/blog\/wp-content\/uploads\/2013\/11\/casacor3.jpg 800w, https:\/\/depto51.cl\/blog\/wp-content\/uploads\/2013\/11\/casacor3-500x332.jpg 500w, https:\/\/depto51.cl\/blog\/wp-content\/uploads\/2013\/11\/casacor3-600x400.jpg 600w\" sizes=\"(max-width: 800px) 100vw, 800px\" \/><\/a><\/p>\n<p>\u2191 Este fue el espacio ganador de este a\u00f1o. Se trata de un taller pensado para la ilustradora brasilera Fabiana Queiroga. Ella misma vino a la inauguraci\u00f3n a pintar un mural en el espacio. Las autoras son Grazielle Freitas y P\u00eda Bay-Schmith quienes buscaron crear \u00abun lugar del habitar humano que genera y atesora las ideas del hombre\u201d. Esta foto se hizo antes de que el espacio estuviera terminado y de verdad que era bien espectacular.<\/p>\n<p><a href=\"https:\/\/depto51.cl\/blog\/wp-content\/uploads\/2013\/11\/citroen1.jpg\"><img loading=\"lazy\" class=\"alignnone size-full wp-image-16567\" alt=\"citroen1\" src=\"https:\/\/depto51.cl\/blog\/wp-content\/uploads\/2013\/11\/citroen1.jpg\" width=\"800\" height=\"533\" srcset=\"https:\/\/depto51.cl\/blog\/wp-content\/uploads\/2013\/11\/citroen1.jpg 800w, https:\/\/depto51.cl\/blog\/wp-content\/uploads\/2013\/11\/citroen1-500x333.jpg 500w, https:\/\/depto51.cl\/blog\/wp-content\/uploads\/2013\/11\/citroen1-600x400.jpg 600w\" sizes=\"(max-width: 800px) 100vw, 800px\" \/><\/a> <a href=\"https:\/\/depto51.cl\/blog\/wp-content\/uploads\/2013\/11\/citroen4.jpg\"><img loading=\"lazy\" class=\"alignnone size-large wp-image-16566\" alt=\"citroen4\" src=\"https:\/\/depto51.cl\/blog\/wp-content\/uploads\/2013\/11\/citroen4.jpg\" width=\"800\" height=\"533\" srcset=\"https:\/\/depto51.cl\/blog\/wp-content\/uploads\/2013\/11\/citroen4.jpg 800w, https:\/\/depto51.cl\/blog\/wp-content\/uploads\/2013\/11\/citroen4-500x333.jpg 500w, https:\/\/depto51.cl\/blog\/wp-content\/uploads\/2013\/11\/citroen4-600x400.jpg 600w\" sizes=\"(max-width: 800px) 100vw, 800px\" \/><\/a> <a href=\"https:\/\/depto51.cl\/blog\/wp-content\/uploads\/2013\/11\/citroen3.jpg\"><img loading=\"lazy\" class=\"alignnone size-large wp-image-16565\" alt=\"citroen3\" src=\"https:\/\/depto51.cl\/blog\/wp-content\/uploads\/2013\/11\/citroen3.jpg\" width=\"800\" height=\"533\" srcset=\"https:\/\/depto51.cl\/blog\/wp-content\/uploads\/2013\/11\/citroen3.jpg 800w, https:\/\/depto51.cl\/blog\/wp-content\/uploads\/2013\/11\/citroen3-500x333.jpg 500w, https:\/\/depto51.cl\/blog\/wp-content\/uploads\/2013\/11\/citroen3-600x400.jpg 600w\" sizes=\"(max-width: 800px) 100vw, 800px\" \/><\/a> <a href=\"https:\/\/depto51.cl\/blog\/wp-content\/uploads\/2013\/11\/citroen2.jpg\"><img loading=\"lazy\" class=\"alignnone size-full wp-image-16564\" alt=\"citroen2\" src=\"https:\/\/depto51.cl\/blog\/wp-content\/uploads\/2013\/11\/citroen2.jpg\" width=\"800\" height=\"533\" srcset=\"https:\/\/depto51.cl\/blog\/wp-content\/uploads\/2013\/11\/citroen2.jpg 800w, https:\/\/depto51.cl\/blog\/wp-content\/uploads\/2013\/11\/citroen2-500x333.jpg 500w, https:\/\/depto51.cl\/blog\/wp-content\/uploads\/2013\/11\/citroen2-600x400.jpg 600w\" sizes=\"(max-width: 800px) 100vw, 800px\" \/><\/a><\/p>\n<p>\u2191 Todas estas fotos son del espacio que m\u00e1s nos gust\u00f3, el taller Citroen creado por <a title=\"El lugar de trabajo de Grisanti + Cussen\" href=\"https:\/\/depto51.cl\/blog\/2012\/05\/17\/el-lugar-de-trabajo-de-grisanti-cussen\/\">Grisanti + Cussen<\/a>. Ustedes saben que nosotros somos super admiradores de esta dupla de dise\u00f1adores y es que saben muy bien c\u00f3mo crear espacios que se sienten reales y vividos. Cada adorno, libro y cachureo est\u00e1 super bien pensado y la elecci\u00f3n de colores, muebles y luminarias no pod\u00eda ser m\u00e1s acertada. Por supuesto, ganaron tambi\u00e9n premio al Mejor Espacio Comercial.<\/p>\n","protected":false},"excerpt":{"rendered":"<p>Hace algunos d\u00edas pasamos una agradable tarde en la versi\u00f3n 2013 de Casa Cor Chile. Almorzamos muy rico en el restaurant La Cociner\u00eda y luego recorrimos cada uno de los espacios que conforman la muestra m\u00e1s importante de decoraci\u00f3n del pa\u00eds. Esta es la \u00faltima semana de exposici\u00f3n y los d\u00edas 8,9 y 10 se&#8230;<\/p>\n","protected":false},"author":1,"featured_media":16464,"comment_status":"open","ping_status":"open","sticky":false,"template":"","format":"standard","meta":[],"categories":[1],"tags":[183,35,53],"acf":[],"_links":{"self":[{"href":"https:\/\/depto51.cl\/blog\/wp-json\/wp\/v2\/posts\/16460"}],"collection":[{"href":"https:\/\/depto51.cl\/blog\/wp-json\/wp\/v2\/posts"}],"about":[{"href":"https:\/\/depto51.cl\/blog\/wp-json\/wp\/v2\/types\/post"}],"author":[{"embeddable":true,"href":"https:\/\/depto51.cl\/blog\/wp-json\/wp\/v2\/users\/1"}],"replies":[{"embeddable":true,"href":"https:\/\/depto51.cl\/blog\/wp-json\/wp\/v2\/comments?post=16460"}],"version-history":[{"count":0,"href":"https:\/\/depto51.cl\/blog\/wp-json\/wp\/v2\/posts\/16460\/revisions"}],"wp:featuredmedia":[{"embeddable":true,"href":"https:\/\/depto51.cl\/blog\/wp-json\/wp\/v2\/media\/16464"}],"wp:attachment":[{"href":"https:\/\/depto51.cl\/blog\/wp-json\/wp\/v2\/media?parent=16460"}],"wp:term":[{"taxonomy":"category","embeddable":true,"href":"https:\/\/depto51.cl\/blog\/wp-json\/wp\/v2\/categories?post=16460"},{"taxonomy":"post_tag","embeddable":true,"href":"https:\/\/depto51.cl\/blog\/wp-json\/wp\/v2\/tags?post=16460"}],"curies":[{"name":"wp","href":"https:\/\/api.w.org\/{rel}","templated":true}]}}