

{"id":16010,"date":"2013-09-26T09:44:27","date_gmt":"2013-09-26T13:44:27","guid":{"rendered":"https:\/\/depto51.cl\/blog\/?p=16010"},"modified":"2013-09-26T09:48:35","modified_gmt":"2013-09-26T13:48:35","slug":"felices-80-anos-stool-60","status":"publish","type":"post","link":"https:\/\/depto51.cl\/blog\/2013\/09\/26\/felices-80-anos-stool-60\/","title":{"rendered":"Felices 80 a\u00f1os, Stool 60!"},"content":{"rendered":"<p>La historia comienza 80 a\u00f1os atr\u00e1s cuando Alvar Aalto -destacado dise\u00f1ador finland\u00e9s, referente de la arquitectura moderna y fundador de Artek- prob\u00f3 la firmeza de un prototipo de taburete con tres patas, cosa extra\u00f1a en la \u00e9poca, que lo lanz\u00f3 repetidas veces al suelo. Un d\u00eda Aalto par\u00f3 de trabajar y grit\u00f3 emocionado: \u201cAlg\u00fan d\u00eda haremos miles de estas\u201d,\u00a0 \u00e9l a\u00fan no sab\u00eda que estaba en poder de la silla que Artek comercializar\u00eda con gran \u00e9xito m\u00e1s adelante, y que adem\u00e1s vender\u00eda millones de ejemplares. Con motivo del 80\u00b0 aniversario de la Stool 60 se lanz\u00f3 una serie de pisos de colores que fueron tomados de uno del edificios \u00edconos de Alvar Aalto, el Sanatorio de Paimo. \u00c9ste se caracterizaba por el amarillo de los suelos, el verde de las paredes, el color turquesa de los pasamanos, y el naranja, blanco y negro de los muebles. Todos estos colores se tradujeron en estos 6 pisos:<\/p>\n<p><a href=\"https:\/\/depto51.cl\/blog\/wp-content\/uploads\/2013\/09\/alvar-aalto-artek-stool-60.jpg\"><img loading=\"lazy\" class=\"size-full wp-image-16012 aligncenter\" alt=\"alvar-aalto-artek-stool-60\" src=\"https:\/\/depto51.cl\/blog\/wp-content\/uploads\/2013\/09\/alvar-aalto-artek-stool-60.jpg\" width=\"900\" height=\"408\" srcset=\"https:\/\/depto51.cl\/blog\/wp-content\/uploads\/2013\/09\/alvar-aalto-artek-stool-60.jpg 900w, https:\/\/depto51.cl\/blog\/wp-content\/uploads\/2013\/09\/alvar-aalto-artek-stool-60-500x226.jpg 500w\" sizes=\"(max-width: 900px) 100vw, 900px\" \/><\/a> <a href=\"https:\/\/depto51.cl\/blog\/wp-content\/uploads\/2013\/09\/km_kmimm1065_1357899486.jpg\"><img loading=\"lazy\" class=\"size-full wp-image-16013 aligncenter\" alt=\"Artek furniture designed by Alvar Aalto\" src=\"https:\/\/depto51.cl\/blog\/wp-content\/uploads\/2013\/09\/km_kmimm1065_1357899486.jpg\" width=\"600\" height=\"600\" srcset=\"https:\/\/depto51.cl\/blog\/wp-content\/uploads\/2013\/09\/km_kmimm1065_1357899486.jpg 600w, https:\/\/depto51.cl\/blog\/wp-content\/uploads\/2013\/09\/km_kmimm1065_1357899486-500x500.jpg 500w, https:\/\/depto51.cl\/blog\/wp-content\/uploads\/2013\/09\/km_kmimm1065_1357899486-150x150.jpg 150w, https:\/\/depto51.cl\/blog\/wp-content\/uploads\/2013\/09\/km_kmimm1065_1357899486-306x306.jpg 306w, https:\/\/depto51.cl\/blog\/wp-content\/uploads\/2013\/09\/km_kmimm1065_1357899486-225x225.jpg 225w, https:\/\/depto51.cl\/blog\/wp-content\/uploads\/2013\/09\/km_kmimm1065_1357899486-145x145.jpg 145w\" sizes=\"(max-width: 600px) 100vw, 600px\" \/><\/a><\/p>\n<p>&nbsp;<\/p>\n<p>Adem\u00e1s Artek se asoci\u00f3 con conocidos dise\u00f1adores de alrededor del mundo para hacer reinterpretaciones del taburete<\/p>\n<p><a href=\"https:\/\/depto51.cl\/blog\/wp-content\/uploads\/2013\/09\/artek2.jpg\"><img loading=\"lazy\" class=\"size-full wp-image-16019 aligncenter\" alt=\"artek2\" src=\"https:\/\/depto51.cl\/blog\/wp-content\/uploads\/2013\/09\/artek2.jpg\" width=\"1000\" height=\"852\" srcset=\"https:\/\/depto51.cl\/blog\/wp-content\/uploads\/2013\/09\/artek2.jpg 1000w, https:\/\/depto51.cl\/blog\/wp-content\/uploads\/2013\/09\/artek2-500x426.jpg 500w\" sizes=\"(max-width: 1000px) 100vw, 1000px\" \/><\/a><\/p>\n<p style=\"text-align: center;\">Mike Meir\u00e9<\/p>\n<p>&nbsp;<\/p>\n<p><a href=\"https:\/\/depto51.cl\/blog\/wp-content\/uploads\/2013\/09\/P_Artek_Stool_60_Special_Edition_Tom_Dixon.jpg\"><img loading=\"lazy\" class=\"size-full wp-image-16015 aligncenter\" alt=\"P_Artek_Stool_60_Special_Edition_Tom_Dixon\" src=\"https:\/\/depto51.cl\/blog\/wp-content\/uploads\/2013\/09\/P_Artek_Stool_60_Special_Edition_Tom_Dixon.jpg\" width=\"600\" height=\"450\" srcset=\"https:\/\/depto51.cl\/blog\/wp-content\/uploads\/2013\/09\/P_Artek_Stool_60_Special_Edition_Tom_Dixon.jpg 600w, https:\/\/depto51.cl\/blog\/wp-content\/uploads\/2013\/09\/P_Artek_Stool_60_Special_Edition_Tom_Dixon-500x375.jpg 500w\" sizes=\"(max-width: 600px) 100vw, 600px\" \/><\/a><\/p>\n<p style=\"text-align: center;\">Tom Dixon<\/p>\n<p style=\"text-align: center;\"><a href=\"https:\/\/depto51.cl\/blog\/wp-content\/uploads\/2013\/09\/Comme_des_Garcons_Rei_Kawakubo_photo_Tuomas_Uusheimo.jpg\"><img loading=\"lazy\" class=\"alignnone size-full wp-image-16017\" alt=\"Artek furniture designed by Alvar Aalto\" src=\"https:\/\/depto51.cl\/blog\/wp-content\/uploads\/2013\/09\/Comme_des_Garcons_Rei_Kawakubo_photo_Tuomas_Uusheimo.jpg\" width=\"600\" height=\"450\" srcset=\"https:\/\/depto51.cl\/blog\/wp-content\/uploads\/2013\/09\/Comme_des_Garcons_Rei_Kawakubo_photo_Tuomas_Uusheimo.jpg 600w, https:\/\/depto51.cl\/blog\/wp-content\/uploads\/2013\/09\/Comme_des_Garcons_Rei_Kawakubo_photo_Tuomas_Uusheimo-500x375.jpg 500w\" sizes=\"(max-width: 600px) 100vw, 600px\" \/><\/a><\/p>\n<p style=\"text-align: center;\">Comme des Gar\u00e7ons<\/p>\n<p style=\"text-align: center;\"><a href=\"https:\/\/depto51.cl\/blog\/wp-content\/uploads\/2013\/09\/P_Artek_Stool_60_Norgaard_Vol_2_photo_Enok_Holsegaard.jpg\"><img loading=\"lazy\" class=\"alignnone size-full wp-image-16016\" alt=\"P_Artek_Stool_60_Norgaard_Vol_2_photo_Enok_Holsegaard\" src=\"https:\/\/depto51.cl\/blog\/wp-content\/uploads\/2013\/09\/P_Artek_Stool_60_Norgaard_Vol_2_photo_Enok_Holsegaard.jpg\" width=\"600\" height=\"450\" srcset=\"https:\/\/depto51.cl\/blog\/wp-content\/uploads\/2013\/09\/P_Artek_Stool_60_Norgaard_Vol_2_photo_Enok_Holsegaard.jpg 600w, https:\/\/depto51.cl\/blog\/wp-content\/uploads\/2013\/09\/P_Artek_Stool_60_Norgaard_Vol_2_photo_Enok_Holsegaard-500x375.jpg 500w\" sizes=\"(max-width: 600px) 100vw, 600px\" \/><\/a><\/p>\n<p style=\"text-align: center;\">Mads N\u00f8rgaard<\/p>\n<p style=\"text-align: center;\"><a href=\"https:\/\/depto51.cl\/blog\/wp-content\/uploads\/2013\/09\/P_Artek_Stool_60_Nao_Tamura_2.jpg\"><img loading=\"lazy\" class=\"alignnone size-full wp-image-16018\" alt=\"P_Artek_Stool_60_Nao_Tamura_2\" src=\"https:\/\/depto51.cl\/blog\/wp-content\/uploads\/2013\/09\/P_Artek_Stool_60_Nao_Tamura_2.jpg\" width=\"600\" height=\"450\" srcset=\"https:\/\/depto51.cl\/blog\/wp-content\/uploads\/2013\/09\/P_Artek_Stool_60_Nao_Tamura_2.jpg 600w, https:\/\/depto51.cl\/blog\/wp-content\/uploads\/2013\/09\/P_Artek_Stool_60_Nao_Tamura_2-500x375.jpg 500w\" sizes=\"(max-width: 600px) 100vw, 600px\" \/><\/a><\/p>\n<p style=\"text-align: center;\">Nao Tamura<\/p>\n<p style=\"text-align: center;\"><a href=\"https:\/\/depto51.cl\/blog\/wp-content\/uploads\/2013\/09\/imageresize.php_.jpg\"><img loading=\"lazy\" class=\"alignnone size-full wp-image-16014\" alt=\"imageresize.php\" src=\"https:\/\/depto51.cl\/blog\/wp-content\/uploads\/2013\/09\/imageresize.php_.jpg\" width=\"600\" height=\"600\" srcset=\"https:\/\/depto51.cl\/blog\/wp-content\/uploads\/2013\/09\/imageresize.php_.jpg 600w, https:\/\/depto51.cl\/blog\/wp-content\/uploads\/2013\/09\/imageresize.php_-500x500.jpg 500w, https:\/\/depto51.cl\/blog\/wp-content\/uploads\/2013\/09\/imageresize.php_-150x150.jpg 150w, https:\/\/depto51.cl\/blog\/wp-content\/uploads\/2013\/09\/imageresize.php_-306x306.jpg 306w, https:\/\/depto51.cl\/blog\/wp-content\/uploads\/2013\/09\/imageresize.php_-225x225.jpg 225w, https:\/\/depto51.cl\/blog\/wp-content\/uploads\/2013\/09\/imageresize.php_-145x145.jpg 145w\" sizes=\"(max-width: 600px) 100vw, 600px\" \/><\/a><\/p>\n<p style=\"text-align: center;\">Versi\u00f3n tapizada en cuero de Monocle<\/p>\n<p>&nbsp;<\/p>\n<p>&nbsp;<\/p>\n","protected":false},"excerpt":{"rendered":"<p>La historia comienza 80 a\u00f1os atr\u00e1s cuando Alvar Aalto -destacado dise\u00f1ador finland\u00e9s, referente de la arquitectura moderna y fundador de Artek- prob\u00f3 la firmeza de un prototipo de taburete con tres patas, cosa extra\u00f1a en la \u00e9poca, que lo lanz\u00f3 repetidas veces al suelo. Un d\u00eda Aalto par\u00f3 de trabajar y grit\u00f3 emocionado: \u201cAlg\u00fan d\u00eda&#8230;<\/p>\n","protected":false},"author":1,"featured_media":16027,"comment_status":"open","ping_status":"open","sticky":false,"template":"","format":"standard","meta":[],"categories":[13],"tags":[170],"acf":[],"_links":{"self":[{"href":"https:\/\/depto51.cl\/blog\/wp-json\/wp\/v2\/posts\/16010"}],"collection":[{"href":"https:\/\/depto51.cl\/blog\/wp-json\/wp\/v2\/posts"}],"about":[{"href":"https:\/\/depto51.cl\/blog\/wp-json\/wp\/v2\/types\/post"}],"author":[{"embeddable":true,"href":"https:\/\/depto51.cl\/blog\/wp-json\/wp\/v2\/users\/1"}],"replies":[{"embeddable":true,"href":"https:\/\/depto51.cl\/blog\/wp-json\/wp\/v2\/comments?post=16010"}],"version-history":[{"count":0,"href":"https:\/\/depto51.cl\/blog\/wp-json\/wp\/v2\/posts\/16010\/revisions"}],"wp:featuredmedia":[{"embeddable":true,"href":"https:\/\/depto51.cl\/blog\/wp-json\/wp\/v2\/media\/16027"}],"wp:attachment":[{"href":"https:\/\/depto51.cl\/blog\/wp-json\/wp\/v2\/media?parent=16010"}],"wp:term":[{"taxonomy":"category","embeddable":true,"href":"https:\/\/depto51.cl\/blog\/wp-json\/wp\/v2\/categories?post=16010"},{"taxonomy":"post_tag","embeddable":true,"href":"https:\/\/depto51.cl\/blog\/wp-json\/wp\/v2\/tags?post=16010"}],"curies":[{"name":"wp","href":"https:\/\/api.w.org\/{rel}","templated":true}]}}