

{"id":15744,"date":"2013-09-11T08:50:37","date_gmt":"2013-09-11T12:50:37","guid":{"rendered":"https:\/\/depto51.cl\/blog\/?p=15744"},"modified":"2013-09-11T09:04:55","modified_gmt":"2013-09-11T13:04:55","slug":"chilenos-en-la-rinascente","status":"publish","type":"post","link":"https:\/\/depto51.cl\/blog\/2013\/09\/11\/chilenos-en-la-rinascente\/","title":{"rendered":"Chilenos en La Rinascente"},"content":{"rendered":"<p>Son 700 dise\u00f1adores menores de 35 a\u00f1os los que postulan cada a\u00f1o para presentar sus productos en la mejor vitrina del mundo de Mil\u00e1n: El <a href=\"http:\/\/www.designsupermarket.it\" target=\"_blank\"><i>Design Supermarket<\/i><\/a> de la Rinascente. S\u00f3lo 9 son los elegidos y este a\u00f1o <strong>hay dos chilenos en la selecci\u00f3n<\/strong>: Ver\u00f3nica Posada de <a href=\"http:\/\/www.sistudio.cl\" target=\"_blank\">Sistudio<\/a> y Mat\u00edas Ruiz de <a href=\"http:\/\/www.ruizsolar.cl\/\" target=\"_blank\">RuizSolar<\/a> \ud83d\ude42<\/p>\n<p>Este proyecto nace de la participaci\u00f3n de dos entidades que siempre han estado involucradas en la promoci\u00f3n del dise\u00f1o. El Salon Satellite es el evento que hace 16 a\u00f1os se ocupa de dar espacio a los talentos emergentes, llevando al Sal\u00f3n Internacional del Mueble lo mejor de las producciones de los dise\u00f1adores j\u00f3venes de todo el mundo. La Rinascente, por su parte, es <strong>una incubadora y difusora de creatividad con el dise\u00f1o en su ADN.<\/strong><\/p>\n<p>Aqu\u00ed les dejamos fotos de los 11 estudios seleccionados y les mandamos muchas felicitaciones a los dise\u00f1adores chilenos!<\/p>\n<p><a href=\"https:\/\/depto51.cl\/blog\/wp-content\/uploads\/2013\/09\/oh_catalogo.jpg\"><img loading=\"lazy\" class=\"size-large wp-image-15762 aligncenter\" alt=\"oh_catalogo\" src=\"https:\/\/depto51.cl\/blog\/wp-content\/uploads\/2013\/09\/oh_catalogo.jpg\" width=\"600\" height=\"450\" srcset=\"https:\/\/depto51.cl\/blog\/wp-content\/uploads\/2013\/09\/oh_catalogo.jpg 600w, https:\/\/depto51.cl\/blog\/wp-content\/uploads\/2013\/09\/oh_catalogo-500x375.jpg 500w\" sizes=\"(max-width: 600px) 100vw, 600px\" \/><\/a><\/p>\n<p>&nbsp;<\/p>\n<p style=\"text-align: center;\">Ver\u00f3nica Posada, Chile<\/p>\n<p style=\"text-align: center;\"><a href=\"https:\/\/depto51.cl\/blog\/wp-content\/uploads\/2013\/09\/Contexto.jpg\"><img loading=\"lazy\" class=\"size-full wp-image-15760 aligncenter\" alt=\"Contexto\" src=\"https:\/\/depto51.cl\/blog\/wp-content\/uploads\/2013\/09\/Contexto.jpg\" width=\"600\" height=\"410\" srcset=\"https:\/\/depto51.cl\/blog\/wp-content\/uploads\/2013\/09\/Contexto.jpg 600w, https:\/\/depto51.cl\/blog\/wp-content\/uploads\/2013\/09\/Contexto-500x341.jpg 500w\" sizes=\"(max-width: 600px) 100vw, 600px\" \/><\/a><\/p>\n<p style=\"text-align: center;\">Mat\u00edas Ruiz, Chile<\/p>\n<p><a href=\"https:\/\/depto51.cl\/blog\/wp-content\/uploads\/2013\/09\/WIG-VASE-Tania-da-Cruz-2.jpg\"><img loading=\"lazy\" class=\"size-large wp-image-15761 aligncenter\" alt=\"WIG VASE Tania da Cruz 2\" src=\"https:\/\/depto51.cl\/blog\/wp-content\/uploads\/2013\/09\/WIG-VASE-Tania-da-Cruz-2.jpg\" width=\"600\" height=\"400\" srcset=\"https:\/\/depto51.cl\/blog\/wp-content\/uploads\/2013\/09\/WIG-VASE-Tania-da-Cruz-2.jpg 600w, https:\/\/depto51.cl\/blog\/wp-content\/uploads\/2013\/09\/WIG-VASE-Tania-da-Cruz-2-500x333.jpg 500w\" sizes=\"(max-width: 600px) 100vw, 600px\" \/><\/a><\/p>\n<p style=\"text-align: center;\">Tania da Cruz, Portogallo<\/p>\n<p style=\"text-align: center;\"><a href=\"https:\/\/depto51.cl\/blog\/wp-content\/uploads\/2013\/09\/Adobe03_HIGH.jpg\"><img loading=\"lazy\" class=\"size-full wp-image-15765\" alt=\"Adobe03_HIGH\" src=\"https:\/\/depto51.cl\/blog\/wp-content\/uploads\/2013\/09\/Adobe03_HIGH.jpg\" width=\"600\" height=\"600\" srcset=\"https:\/\/depto51.cl\/blog\/wp-content\/uploads\/2013\/09\/Adobe03_HIGH.jpg 600w, https:\/\/depto51.cl\/blog\/wp-content\/uploads\/2013\/09\/Adobe03_HIGH-500x500.jpg 500w, https:\/\/depto51.cl\/blog\/wp-content\/uploads\/2013\/09\/Adobe03_HIGH-150x150.jpg 150w, https:\/\/depto51.cl\/blog\/wp-content\/uploads\/2013\/09\/Adobe03_HIGH-306x306.jpg 306w, https:\/\/depto51.cl\/blog\/wp-content\/uploads\/2013\/09\/Adobe03_HIGH-225x225.jpg 225w, https:\/\/depto51.cl\/blog\/wp-content\/uploads\/2013\/09\/Adobe03_HIGH-145x145.jpg 145w\" sizes=\"(max-width: 600px) 100vw, 600px\" \/><\/a><\/p>\n<p style=\"text-align: center;\">Ilaria Innocenti, Italia<\/p>\n<p><a href=\"https:\/\/depto51.cl\/blog\/wp-content\/uploads\/2013\/09\/foto-61.jpg\"><img loading=\"lazy\" class=\"size-full wp-image-15746 aligncenter\" alt=\"foto 6\" src=\"https:\/\/depto51.cl\/blog\/wp-content\/uploads\/2013\/09\/foto-61.jpg\" width=\"1024\" height=\"682\" srcset=\"https:\/\/depto51.cl\/blog\/wp-content\/uploads\/2013\/09\/foto-61.jpg 1024w, https:\/\/depto51.cl\/blog\/wp-content\/uploads\/2013\/09\/foto-61-500x333.jpg 500w, https:\/\/depto51.cl\/blog\/wp-content\/uploads\/2013\/09\/foto-61-600x400.jpg 600w\" sizes=\"(max-width: 1024px) 100vw, 1024px\" \/><\/a><\/p>\n<p style=\"text-align: center;\">Karoline Fesser, Alemania<\/p>\n<p style=\"text-align: center;\"><a href=\"https:\/\/depto51.cl\/blog\/wp-content\/uploads\/2013\/09\/Katriina_Tatti_2_press1.jpg\"><img loading=\"lazy\" class=\"size-large wp-image-15752\" alt=\"Katriina_Tatti_2_press\" src=\"https:\/\/depto51.cl\/blog\/wp-content\/uploads\/2013\/09\/Katriina_Tatti_2_press1-1024x597.jpg\" width=\"1024\" height=\"597\" srcset=\"https:\/\/depto51.cl\/blog\/wp-content\/uploads\/2013\/09\/Katriina_Tatti_2_press1-1024x597.jpg 1024w, https:\/\/depto51.cl\/blog\/wp-content\/uploads\/2013\/09\/Katriina_Tatti_2_press1-500x291.jpg 500w\" sizes=\"(max-width: 1024px) 100vw, 1024px\" \/><\/a>Katriina Nuutinen y Matti Syrjala, Finlandia<\/p>\n<p style=\"text-align: center;\"><a href=\"https:\/\/depto51.cl\/blog\/wp-content\/uploads\/2013\/09\/MARAMA-Crystal1.jpg\"><img loading=\"lazy\" class=\"size-large wp-image-15755\" alt=\"MARAMA, Crystal\" src=\"https:\/\/depto51.cl\/blog\/wp-content\/uploads\/2013\/09\/MARAMA-Crystal1-1024x682.jpg\" width=\"1024\" height=\"682\" srcset=\"https:\/\/depto51.cl\/blog\/wp-content\/uploads\/2013\/09\/MARAMA-Crystal1-1024x682.jpg 1024w, https:\/\/depto51.cl\/blog\/wp-content\/uploads\/2013\/09\/MARAMA-Crystal1-500x333.jpg 500w, https:\/\/depto51.cl\/blog\/wp-content\/uploads\/2013\/09\/MARAMA-Crystal1-600x400.jpg 600w, https:\/\/depto51.cl\/blog\/wp-content\/uploads\/2013\/09\/MARAMA-Crystal1.jpg 1200w\" sizes=\"(max-width: 1024px) 100vw, 1024px\" \/><\/a>Marcantonio Raimondi Malerba, Italia<\/p>\n<p><a href=\"https:\/\/depto51.cl\/blog\/wp-content\/uploads\/2013\/09\/acqua-alta1.jpg\"><img loading=\"lazy\" class=\"size-large wp-image-15754 aligncenter\" alt=\"acqua alta\" src=\"https:\/\/depto51.cl\/blog\/wp-content\/uploads\/2013\/09\/acqua-alta1.jpg\" width=\"600\" height=\"900\" srcset=\"https:\/\/depto51.cl\/blog\/wp-content\/uploads\/2013\/09\/acqua-alta1.jpg 600w, https:\/\/depto51.cl\/blog\/wp-content\/uploads\/2013\/09\/acqua-alta1-333x500.jpg 333w\" sizes=\"(max-width: 600px) 100vw, 600px\" \/><\/a><\/p>\n<p style=\"text-align: center;\">Daniel Bortotto y Giorgia Zanellato, Italia<\/p>\n<p style=\"text-align: center;\"><a href=\"https:\/\/depto51.cl\/blog\/wp-content\/uploads\/2013\/09\/MIRROR-MIRROR-small-31.jpg\"><img loading=\"lazy\" class=\"alignnone size-large wp-image-15753\" alt=\"MIRROR MIRROR small 3\" src=\"https:\/\/depto51.cl\/blog\/wp-content\/uploads\/2013\/09\/MIRROR-MIRROR-small-31-1024x731.jpg\" width=\"1024\" height=\"731\" srcset=\"https:\/\/depto51.cl\/blog\/wp-content\/uploads\/2013\/09\/MIRROR-MIRROR-small-31-1024x731.jpg 1024w, https:\/\/depto51.cl\/blog\/wp-content\/uploads\/2013\/09\/MIRROR-MIRROR-small-31-500x357.jpg 500w, https:\/\/depto51.cl\/blog\/wp-content\/uploads\/2013\/09\/MIRROR-MIRROR-small-31.jpg 1654w\" sizes=\"(max-width: 1024px) 100vw, 1024px\" \/><\/a><\/p>\n<p style=\"text-align: center;\">\u00a0Antonio Forteleoni, Italia<\/p>\n","protected":false},"excerpt":{"rendered":"<p>Son 700 dise\u00f1adores menores de 35 a\u00f1os los que postulan cada a\u00f1o para presentar sus productos en la mejor vitrina del mundo de Mil\u00e1n: El Design Supermarket de la Rinascente. S\u00f3lo 9 son los elegidos y este a\u00f1o hay dos chilenos en la selecci\u00f3n: Ver\u00f3nica Posada de Sistudio y Mat\u00edas Ruiz de RuizSolar \ud83d\ude42 Este&#8230;<\/p>\n","protected":false},"author":1,"featured_media":15770,"comment_status":"open","ping_status":"open","sticky":false,"template":"","format":"standard","meta":[],"categories":[13],"tags":[94,120],"acf":[],"_links":{"self":[{"href":"https:\/\/depto51.cl\/blog\/wp-json\/wp\/v2\/posts\/15744"}],"collection":[{"href":"https:\/\/depto51.cl\/blog\/wp-json\/wp\/v2\/posts"}],"about":[{"href":"https:\/\/depto51.cl\/blog\/wp-json\/wp\/v2\/types\/post"}],"author":[{"embeddable":true,"href":"https:\/\/depto51.cl\/blog\/wp-json\/wp\/v2\/users\/1"}],"replies":[{"embeddable":true,"href":"https:\/\/depto51.cl\/blog\/wp-json\/wp\/v2\/comments?post=15744"}],"version-history":[{"count":0,"href":"https:\/\/depto51.cl\/blog\/wp-json\/wp\/v2\/posts\/15744\/revisions"}],"wp:featuredmedia":[{"embeddable":true,"href":"https:\/\/depto51.cl\/blog\/wp-json\/wp\/v2\/media\/15770"}],"wp:attachment":[{"href":"https:\/\/depto51.cl\/blog\/wp-json\/wp\/v2\/media?parent=15744"}],"wp:term":[{"taxonomy":"category","embeddable":true,"href":"https:\/\/depto51.cl\/blog\/wp-json\/wp\/v2\/categories?post=15744"},{"taxonomy":"post_tag","embeddable":true,"href":"https:\/\/depto51.cl\/blog\/wp-json\/wp\/v2\/tags?post=15744"}],"curies":[{"name":"wp","href":"https:\/\/api.w.org\/{rel}","templated":true}]}}