

{"id":1564,"date":"2011-05-09T10:36:48","date_gmt":"2011-05-09T14:36:48","guid":{"rendered":"http:\/\/depto51.cl\/?p=1564"},"modified":"2017-08-17T09:03:10","modified_gmt":"2017-08-17T13:03:10","slug":"ikea-por-favor","status":"publish","type":"post","link":"https:\/\/depto51.cl\/blog\/2011\/05\/09\/ikea-por-favor\/","title":{"rendered":"Ikea, por favor!"},"content":{"rendered":"<p>Este post es un llamado de atenci\u00f3n, una carta de protesta a los empresarios e inversionistas de este pa\u00eds, porque, aunque he escuchado rumores, nadie me lo ha confirmado: \u00bfCu\u00e1ndo van a traer <strong>Ikea<\/strong>? Necesitamos esa combinaci\u00f3n de buen dise\u00f1o y m\u00f3dicos precios. Lleg\u00f3 <a title=\"Bo Concept en\u00a0Chile\" href=\"http:\/\/depto51.cl\/2011\/04\/04\/bo-concept-en-chile\/\" target=\"_blank\" rel=\"noopener\">Bo Concept<\/a>, y vienen marcas de ropa como Gap y Topshop&#8230; \u00bfQu\u00e9 est\u00e1n esperando?<\/p>\n<p>Y para los que somos fan\u00e1ticos del dise\u00f1o sabemos que Homy cumple su funci\u00f3n pero no nos entrega la calidad y el dise\u00f1o que buscamos.<\/p>\n<p>Que comenten los que est\u00e1n con nosotros para que Ikea llegue a Chile de una vez!<\/p>\n<p><a href=\"http:\/\/www.ikea.com\/us\/en\/catalog\/categories\/departments\/bedroom\/?cid=us%7Caf%7Cpinterest.com%7Cbedroom_20170804&amp;crlt.pid=camp.NRLMd3EZVgls\"><img loading=\"lazy\" class=\"aligncenter size-full wp-image-37914\" src=\"https:\/\/depto51.cl\/blog\/wp-content\/uploads\/2011\/05\/4d2287657c868ecfd7c160b4bbaaff30.jpg\" alt=\"\" width=\"564\" height=\"846\" srcset=\"https:\/\/depto51.cl\/blog\/wp-content\/uploads\/2011\/05\/4d2287657c868ecfd7c160b4bbaaff30.jpg 564w, https:\/\/depto51.cl\/blog\/wp-content\/uploads\/2011\/05\/4d2287657c868ecfd7c160b4bbaaff30-333x500.jpg 333w\" sizes=\"(max-width: 564px) 100vw, 564px\" \/><\/a><\/p>\n<p><a href=\"http:\/\/www.ikea.com\/us\/en\/catalog\/products\/30116264\/?cid=us%7Caf%7Cpinterest.com%7CBJURSTA_20170503&amp;crlt.pid=camp.9T5v4EFFd9yc\"><img loading=\"lazy\" class=\"aligncenter size-full wp-image-37915\" src=\"https:\/\/depto51.cl\/blog\/wp-content\/uploads\/2011\/05\/9ac16724acaecb33182a40f979ebfca6.jpg\" alt=\"\" width=\"564\" height=\"693\" srcset=\"https:\/\/depto51.cl\/blog\/wp-content\/uploads\/2011\/05\/9ac16724acaecb33182a40f979ebfca6.jpg 564w, https:\/\/depto51.cl\/blog\/wp-content\/uploads\/2011\/05\/9ac16724acaecb33182a40f979ebfca6-407x500.jpg 407w\" sizes=\"(max-width: 564px) 100vw, 564px\" \/><\/a><\/p>\n<p>Una de los detalles que m\u00e1s nos gustan de Ikea es lo pr\u00e1ctico que es. Imag\u00ednense ir a una de las grandes tiendas y encontrar este estante para colgar tu ropa&#8230; D\u00edganme que no dan ganas de partir corriendo a comprarlo.<\/p>\n<p><a href=\"http:\/\/www.ikea.com\/us\/en\/catalog\/products\/S39165231\/?cid=us%7Caf%7Cpinterest.com%7CALGOT_20170410&amp;crlt.pid=camp.1ebx6GXpv0Hc\"><img loading=\"lazy\" class=\"aligncenter size-full wp-image-37916\" src=\"https:\/\/depto51.cl\/blog\/wp-content\/uploads\/2011\/05\/oo.jpg\" alt=\"\" width=\"564\" height=\"846\" srcset=\"https:\/\/depto51.cl\/blog\/wp-content\/uploads\/2011\/05\/oo.jpg 564w, https:\/\/depto51.cl\/blog\/wp-content\/uploads\/2011\/05\/oo-333x500.jpg 333w\" sizes=\"(max-width: 564px) 100vw, 564px\" \/><\/a><\/p>\n<p>Ropa de cama a la medida, algod\u00f3n y con bellos dise\u00f1os. Ikea llega r\u00e1pido \ud83d\ude42<\/p>\n<p><a href=\"http:\/\/www.ikea.com\/us\/en\/catalog\/categories\/departments\/bedroom\/10651\/?cid=us%7Caf%7Cpinterest.com%7F10651_20150402&amp;crlt.pid=camp.2fZKMkCS9fVK\"><img loading=\"lazy\" class=\"aligncenter size-full wp-image-37917\" src=\"https:\/\/depto51.cl\/blog\/wp-content\/uploads\/2011\/05\/59d3726a3dda5fac01db9aa0d6f300cc.jpg\" alt=\"\" width=\"564\" height=\"564\" srcset=\"https:\/\/depto51.cl\/blog\/wp-content\/uploads\/2011\/05\/59d3726a3dda5fac01db9aa0d6f300cc.jpg 564w, https:\/\/depto51.cl\/blog\/wp-content\/uploads\/2011\/05\/59d3726a3dda5fac01db9aa0d6f300cc-500x500.jpg 500w, https:\/\/depto51.cl\/blog\/wp-content\/uploads\/2011\/05\/59d3726a3dda5fac01db9aa0d6f300cc-150x150.jpg 150w, https:\/\/depto51.cl\/blog\/wp-content\/uploads\/2011\/05\/59d3726a3dda5fac01db9aa0d6f300cc-306x306.jpg 306w, https:\/\/depto51.cl\/blog\/wp-content\/uploads\/2011\/05\/59d3726a3dda5fac01db9aa0d6f300cc-225x225.jpg 225w, https:\/\/depto51.cl\/blog\/wp-content\/uploads\/2011\/05\/59d3726a3dda5fac01db9aa0d6f300cc-145x145.jpg 145w\" sizes=\"(max-width: 564px) 100vw, 564px\" \/><\/a><\/p>\n<p><a href=\"http:\/\/www.ikea.com\/us\/en\/catalog\/products\/30299070\/?cid=us%7Caf%7Cpinterest.com%7CLISABO_20160729&amp;crlt.pid=camp.QqWwi6ycGsFz\"><img loading=\"lazy\" class=\"aligncenter size-full wp-image-37918\" src=\"https:\/\/depto51.cl\/blog\/wp-content\/uploads\/2011\/05\/c90d2a7b3cdbb1b330462169cff57f2b.jpg\" alt=\"\" width=\"564\" height=\"846\" srcset=\"https:\/\/depto51.cl\/blog\/wp-content\/uploads\/2011\/05\/c90d2a7b3cdbb1b330462169cff57f2b.jpg 564w, https:\/\/depto51.cl\/blog\/wp-content\/uploads\/2011\/05\/c90d2a7b3cdbb1b330462169cff57f2b-333x500.jpg 333w\" sizes=\"(max-width: 564px) 100vw, 564px\" \/><\/a><\/p>\n<p><a href=\"http:\/\/onlinecatalog.ikea-usa.com\/us\/en\/IKEA-Sustainability-Guide\/?crlt.pid=camp.Us2rx4czgyFD\"> <img loading=\"lazy\" class=\"aligncenter size-full wp-image-37919\" src=\"https:\/\/depto51.cl\/blog\/wp-content\/uploads\/2011\/05\/f55d38514883093e131a91799df6f429.jpg\" alt=\"\" width=\"564\" height=\"780\" srcset=\"https:\/\/depto51.cl\/blog\/wp-content\/uploads\/2011\/05\/f55d38514883093e131a91799df6f429.jpg 564w, https:\/\/depto51.cl\/blog\/wp-content\/uploads\/2011\/05\/f55d38514883093e131a91799df6f429-362x500.jpg 362w\" sizes=\"(max-width: 564px) 100vw, 564px\" \/><\/a><\/p>\n<p>Si amas Ikea igual que nosotros, sigue nuestra protesta con un comentario!<\/p>\n","protected":false},"excerpt":{"rendered":"<p>Este post es un llamado de atenci\u00f3n, una carta de protesta a los empresarios e inversionistas de este pa\u00eds, porque, aunque he escuchado rumores, nadie me lo ha confirmado: \u00bfCu\u00e1ndo van a traer Ikea? Necesitamos esa combinaci\u00f3n de buen dise\u00f1o y m\u00f3dicos precios. Lleg\u00f3 Bo Concept, y vienen marcas de ropa como Gap y Topshop&#8230;&#8230;<\/p>\n","protected":false},"author":2,"featured_media":1565,"comment_status":"open","ping_status":"open","sticky":false,"template":"","format":"standard","meta":[],"categories":[1],"tags":[18,29,33,35,238,49,62],"acf":[],"_links":{"self":[{"href":"https:\/\/depto51.cl\/blog\/wp-json\/wp\/v2\/posts\/1564"}],"collection":[{"href":"https:\/\/depto51.cl\/blog\/wp-json\/wp\/v2\/posts"}],"about":[{"href":"https:\/\/depto51.cl\/blog\/wp-json\/wp\/v2\/types\/post"}],"author":[{"embeddable":true,"href":"https:\/\/depto51.cl\/blog\/wp-json\/wp\/v2\/users\/2"}],"replies":[{"embeddable":true,"href":"https:\/\/depto51.cl\/blog\/wp-json\/wp\/v2\/comments?post=1564"}],"version-history":[{"count":0,"href":"https:\/\/depto51.cl\/blog\/wp-json\/wp\/v2\/posts\/1564\/revisions"}],"wp:featuredmedia":[{"embeddable":true,"href":"https:\/\/depto51.cl\/blog\/wp-json\/wp\/v2\/media\/1565"}],"wp:attachment":[{"href":"https:\/\/depto51.cl\/blog\/wp-json\/wp\/v2\/media?parent=1564"}],"wp:term":[{"taxonomy":"category","embeddable":true,"href":"https:\/\/depto51.cl\/blog\/wp-json\/wp\/v2\/categories?post=1564"},{"taxonomy":"post_tag","embeddable":true,"href":"https:\/\/depto51.cl\/blog\/wp-json\/wp\/v2\/tags?post=1564"}],"curies":[{"name":"wp","href":"https:\/\/api.w.org\/{rel}","templated":true}]}}