

{"id":15433,"date":"2013-08-20T10:53:41","date_gmt":"2013-08-20T14:53:41","guid":{"rendered":"https:\/\/depto51.cl\/blog\/?p=15433"},"modified":"2013-08-21T09:33:24","modified_gmt":"2013-08-21T13:33:24","slug":"casas-de-puertas-abiertas","status":"publish","type":"post","link":"https:\/\/depto51.cl\/blog\/2013\/08\/20\/casas-de-puertas-abiertas\/","title":{"rendered":"Casas de puertas abiertas"},"content":{"rendered":"<p>Estas \u00faltimas semanas todos los que leemos blogs, revistas digitales y acompa\u00f1amos p\u00e1ginas de Facebook aqu\u00ed en Brasil nos encontramos con <a href=\"http:\/\/www.casaaberta.net\/\" target=\"_blank\">Casa Aberta<\/a>. Al igual que otros blogs de otros rincones del mundo como <a href=\"http:\/\/theselby.com\/\" target=\"_blank\">The Selby<\/a>, el argentino <a href=\"http:\/\/www.casachaucha.com.ar\/\" target=\"_blank\">Casa Chaucha<\/a>, o los <a href=\"https:\/\/depto51.cl\/blog\/tag\/home-tour\/\" target=\"_blank\"><em>home tours<\/em> aqu\u00ed en Depto51<\/a>, se trata de un blog de decoraci\u00f3n de casas de personas comunes, como vos o como yo. Su creador y fot\u00f3grafo, Rodrigo Ladeira de 23 a\u00f1os, tiene como objetivo traer cliques que reflejan c\u00f3mo esas personas transformaron sus espacios en lugares bonitos y agradables con buenas ideas y bajo costo. A mi siempre me encantan estas propuestas. Me gusta ver no s\u00f3lo buenas ideas sino ver tambi\u00e9n un poco m\u00e1s y mejor la personalidad de quien vive en la casa. En el caso de Casa Aberta, igual que en The Selby, los moradores (y hasta sus mascotas) son fotografiados. \u00bfNo te dan ganas de darte una vuelta? Yo traje una muestra de lo que m\u00e1s me gust\u00f3 hasta ahora.<\/p>\n<p><a href=\"https:\/\/depto51.cl\/blog\/wp-content\/uploads\/2013\/08\/casa-aberta-10.jpg\"><img loading=\"lazy\" class=\"alignnone size-full wp-image-15449\" alt=\"casa aberta 10\" src=\"https:\/\/depto51.cl\/blog\/wp-content\/uploads\/2013\/08\/casa-aberta-10.jpg\" width=\"600\" height=\"400\" srcset=\"https:\/\/depto51.cl\/blog\/wp-content\/uploads\/2013\/08\/casa-aberta-10.jpg 600w, https:\/\/depto51.cl\/blog\/wp-content\/uploads\/2013\/08\/casa-aberta-10-500x333.jpg 500w\" sizes=\"(max-width: 600px) 100vw, 600px\" \/><\/a><\/p>\n<p><i>un rinc\u00f3n de la cocina en la casa de Tiago Divino, Tiago Carvalho e Rapahel Ribeiro<\/i><\/p>\n<p><a href=\"https:\/\/depto51.cl\/blog\/wp-content\/uploads\/2013\/08\/casa-aberta-9.jpg\"><img loading=\"lazy\" class=\"alignnone size-full wp-image-15448\" alt=\"casa aberta 9\" src=\"https:\/\/depto51.cl\/blog\/wp-content\/uploads\/2013\/08\/casa-aberta-9.jpg\" width=\"600\" height=\"400\" srcset=\"https:\/\/depto51.cl\/blog\/wp-content\/uploads\/2013\/08\/casa-aberta-9.jpg 600w, https:\/\/depto51.cl\/blog\/wp-content\/uploads\/2013\/08\/casa-aberta-9-500x333.jpg 500w\" sizes=\"(max-width: 600px) 100vw, 600px\" \/><\/a><\/p>\n<p><em>un lugar de descanso en la oficina creativa de \u00abN\u00e3o cont\u00e9m gluten\u00bb<\/em><\/p>\n<p><a href=\"https:\/\/depto51.cl\/blog\/wp-content\/uploads\/2013\/08\/casa-aberta-4.jpg\"><img loading=\"lazy\" class=\"alignnone size-full wp-image-15442\" alt=\"casa aberta 4\" src=\"https:\/\/depto51.cl\/blog\/wp-content\/uploads\/2013\/08\/casa-aberta-4.jpg\" width=\"600\" height=\"400\" srcset=\"https:\/\/depto51.cl\/blog\/wp-content\/uploads\/2013\/08\/casa-aberta-4.jpg 600w, https:\/\/depto51.cl\/blog\/wp-content\/uploads\/2013\/08\/casa-aberta-4-500x333.jpg 500w\" sizes=\"(max-width: 600px) 100vw, 600px\" \/><\/a><\/p>\n<p><em>la ventana del cuarto de Jordana Andrade<\/em><\/p>\n<p><a href=\"https:\/\/depto51.cl\/blog\/wp-content\/uploads\/2013\/08\/casa-aberta-3.jpg\"><img loading=\"lazy\" class=\"alignnone size-full wp-image-15437\" alt=\"casa aberta 3\" src=\"https:\/\/depto51.cl\/blog\/wp-content\/uploads\/2013\/08\/casa-aberta-3.jpg\" width=\"600\" height=\"400\" srcset=\"https:\/\/depto51.cl\/blog\/wp-content\/uploads\/2013\/08\/casa-aberta-3.jpg 600w, https:\/\/depto51.cl\/blog\/wp-content\/uploads\/2013\/08\/casa-aberta-3-500x333.jpg 500w\" sizes=\"(max-width: 600px) 100vw, 600px\" \/><\/a><\/p>\n<p><em>el p\u00e1tio de la casa de Lucas \u00c1vila<\/em><\/p>\n<p><a href=\"https:\/\/depto51.cl\/blog\/wp-content\/uploads\/2013\/08\/casa-aberta-1.jpg\"><img loading=\"lazy\" class=\"alignnone size-full wp-image-15435\" alt=\"casa aberta 1\" src=\"https:\/\/depto51.cl\/blog\/wp-content\/uploads\/2013\/08\/casa-aberta-1.jpg\" width=\"600\" height=\"450\" srcset=\"https:\/\/depto51.cl\/blog\/wp-content\/uploads\/2013\/08\/casa-aberta-1.jpg 600w, https:\/\/depto51.cl\/blog\/wp-content\/uploads\/2013\/08\/casa-aberta-1-500x375.jpg 500w\" sizes=\"(max-width: 600px) 100vw, 600px\" \/><\/a><\/p>\n<p><em><em>mesa de trabajo en el estudio de Guilherme Boechat e de Mariana Antonoff\u00a0<\/em>(arriba izquierda) y un rinc\u00f3n del jardin del estudio F\u00f3sforo Coletivo (arriba derecha)<\/em><\/p>\n<p><a href=\"https:\/\/depto51.cl\/blog\/wp-content\/uploads\/2013\/08\/casa-aberta-2.jpg\"><img loading=\"lazy\" class=\"alignnone size-full wp-image-15436\" alt=\"casa aberta 2\" src=\"https:\/\/depto51.cl\/blog\/wp-content\/uploads\/2013\/08\/casa-aberta-2.jpg\" width=\"600\" height=\"400\" srcset=\"https:\/\/depto51.cl\/blog\/wp-content\/uploads\/2013\/08\/casa-aberta-2.jpg 600w, https:\/\/depto51.cl\/blog\/wp-content\/uploads\/2013\/08\/casa-aberta-2-500x333.jpg 500w\" sizes=\"(max-width: 600px) 100vw, 600px\" \/><\/a><\/p>\n<p><em>la gata Chuva adoptada de la calle por la due\u00f1a de casa B\u00e1rbara Magri<\/em><\/p>\n<p><a href=\"https:\/\/depto51.cl\/blog\/wp-content\/uploads\/2013\/08\/casa-aberta-6.jpg\"><img loading=\"lazy\" class=\"alignnone size-full wp-image-15445\" alt=\"casa aberta 6\" src=\"https:\/\/depto51.cl\/blog\/wp-content\/uploads\/2013\/08\/casa-aberta-6.jpg\" width=\"600\" height=\"400\" srcset=\"https:\/\/depto51.cl\/blog\/wp-content\/uploads\/2013\/08\/casa-aberta-6.jpg 600w, https:\/\/depto51.cl\/blog\/wp-content\/uploads\/2013\/08\/casa-aberta-6-500x333.jpg 500w\" sizes=\"(max-width: 600px) 100vw, 600px\" \/><\/a><\/p>\n<p><em>la vista linda y la sala de Fernando Tourinho<\/em><\/p>\n<p><a href=\"https:\/\/depto51.cl\/blog\/wp-content\/uploads\/2013\/08\/casa-aberta-8.jpg\"><img loading=\"lazy\" class=\"alignnone size-full wp-image-15447\" alt=\"casa aberta 8\" src=\"https:\/\/depto51.cl\/blog\/wp-content\/uploads\/2013\/08\/casa-aberta-8.jpg\" width=\"600\" height=\"402\" srcset=\"https:\/\/depto51.cl\/blog\/wp-content\/uploads\/2013\/08\/casa-aberta-8.jpg 600w, https:\/\/depto51.cl\/blog\/wp-content\/uploads\/2013\/08\/casa-aberta-8-500x335.jpg 500w\" sizes=\"(max-width: 600px) 100vw, 600px\" \/><\/a><\/p>\n<p><em>el atelier de Amanda Mol (arriba y abajo)<\/em><\/p>\n<p><a href=\"https:\/\/depto51.cl\/blog\/wp-content\/uploads\/2013\/08\/casa-aberta-7.jpg\"><img loading=\"lazy\" class=\"alignnone size-full wp-image-15446\" alt=\"casa aberta 7\" src=\"https:\/\/depto51.cl\/blog\/wp-content\/uploads\/2013\/08\/casa-aberta-7.jpg\" width=\"600\" height=\"399\" srcset=\"https:\/\/depto51.cl\/blog\/wp-content\/uploads\/2013\/08\/casa-aberta-7.jpg 600w, https:\/\/depto51.cl\/blog\/wp-content\/uploads\/2013\/08\/casa-aberta-7-500x332.jpg 500w\" sizes=\"(max-width: 600px) 100vw, 600px\" \/><\/a><\/p>\n<p><em>foto de portada &#8211; el estudio de Guilherme Boechat e de Mariana Antonoff<\/em><i><br \/>\n<\/i><\/p>\n<p>[Fotos del <a href=\"http:\/\/www.casaaberta.net\/\" target=\"_blank\">blog Casa Aberta<\/a> &#8211; las referencias de n\u00fameros son de los posts del blog]<\/p>\n","protected":false},"excerpt":{"rendered":"<p>Estas \u00faltimas semanas todos los que leemos blogs, revistas digitales y acompa\u00f1amos p\u00e1ginas de Facebook aqu\u00ed en Brasil nos encontramos con Casa Aberta. Al igual que otros blogs de otros rincones del mundo como The Selby, el argentino Casa Chaucha, o los home tours aqu\u00ed en Depto51, se trata de un blog de decoraci\u00f3n de&#8230;<\/p>\n","protected":false},"author":21,"featured_media":15449,"comment_status":"open","ping_status":"open","sticky":false,"template":"","format":"standard","meta":[],"categories":[1],"tags":[24,35,126],"acf":[],"_links":{"self":[{"href":"https:\/\/depto51.cl\/blog\/wp-json\/wp\/v2\/posts\/15433"}],"collection":[{"href":"https:\/\/depto51.cl\/blog\/wp-json\/wp\/v2\/posts"}],"about":[{"href":"https:\/\/depto51.cl\/blog\/wp-json\/wp\/v2\/types\/post"}],"author":[{"embeddable":true,"href":"https:\/\/depto51.cl\/blog\/wp-json\/wp\/v2\/users\/21"}],"replies":[{"embeddable":true,"href":"https:\/\/depto51.cl\/blog\/wp-json\/wp\/v2\/comments?post=15433"}],"version-history":[{"count":0,"href":"https:\/\/depto51.cl\/blog\/wp-json\/wp\/v2\/posts\/15433\/revisions"}],"wp:featuredmedia":[{"embeddable":true,"href":"https:\/\/depto51.cl\/blog\/wp-json\/wp\/v2\/media\/15449"}],"wp:attachment":[{"href":"https:\/\/depto51.cl\/blog\/wp-json\/wp\/v2\/media?parent=15433"}],"wp:term":[{"taxonomy":"category","embeddable":true,"href":"https:\/\/depto51.cl\/blog\/wp-json\/wp\/v2\/categories?post=15433"},{"taxonomy":"post_tag","embeddable":true,"href":"https:\/\/depto51.cl\/blog\/wp-json\/wp\/v2\/tags?post=15433"}],"curies":[{"name":"wp","href":"https:\/\/api.w.org\/{rel}","templated":true}]}}