

{"id":1529,"date":"2011-05-06T09:52:56","date_gmt":"2011-05-06T09:52:56","guid":{"rendered":"http:\/\/depto51.cl\/?p=1529"},"modified":"2012-01-26T00:22:48","modified_gmt":"2012-01-26T00:22:48","slug":"el-velador","status":"publish","type":"post","link":"https:\/\/depto51.cl\/blog\/2011\/05\/06\/el-velador\/","title":{"rendered":"El velador"},"content":{"rendered":"<p>A pedido de Agust\u00edn, me puse a buscar veladores por todas partes. El resultado: de los modelos de veladores que vi, muy pocos me encantaron, <em>peeeero<\/em> s\u00ed encontr\u00e9 muchas ideas de \u00abveladores alternativos\u00bb, que cumplen la misma funci\u00f3n y que, incluso son m\u00e1s bonitos. As\u00ed que aqu\u00ed vamos, primero con veladores hechos y derechos, y despu\u00e9s con los m\u00e1s improvisados. \u00bfQu\u00e9 les parecen?<\/p>\n<p style=\"text-align:center;\"><a href=\"http:\/\/depto51.files.wordpress.com\/2011\/05\/velador.jpg\"><img loading=\"lazy\" class=\"aligncenter size-full wp-image-1547\" title=\"velador\" src=\"http:\/\/depto51.files.wordpress.com\/2011\/05\/velador.jpg\" alt=\"\" width=\"350\" height=\"469\" \/><\/a>Alto, con cajones y repisas.<\/p>\n<p style=\"text-align:center;\"><strong><a href=\"http:\/\/depto51.files.wordpress.com\/2011\/05\/miluccia2.jpg\"><img loading=\"lazy\" class=\"aligncenter size-full wp-image-1536\" title=\"design-sponge\" src=\"http:\/\/depto51.files.wordpress.com\/2011\/05\/design-sponge1.jpg\" alt=\"\" width=\"334\" height=\"500\" \/><\/a><\/strong>Un dise\u00f1o medio setentero. Foto de <a href=\"http:\/\/www.designspongeonline.com\/\" target=\"_blank\">Design Sponge<\/a>.<\/p>\n<p style=\"text-align:center;\"><a href=\"http:\/\/depto51.files.wordpress.com\/2011\/05\/miluccia2.jpg\"><img loading=\"lazy\" class=\"aligncenter size-full wp-image-1544\" title=\"miluccia2\" src=\"http:\/\/depto51.files.wordpress.com\/2011\/05\/miluccia2.jpg\" alt=\"\" width=\"300\" height=\"420\" \/><\/a>De la <a title=\"La linha\u00a0Jos\u00e9\" href=\"http:\/\/depto51.cl\/2011\/04\/18\/la-linha-jose\/\" target=\"_blank\">L\u00ednea Jos\u00e9<\/a> de Mauricio Arruda. Foto de <a href=\"http:\/\/miluccia.canalblog.com\/\" target=\"_blank\">Les Bulles de Miluccia<\/a>.<\/p>\n<p style=\"text-align:center;\"><a href=\"http:\/\/depto51.files.wordpress.com\/2011\/05\/21.jpg\"><img loading=\"lazy\" class=\"aligncenter size-full wp-image-1530\" title=\"21\" src=\"http:\/\/depto51.files.wordpress.com\/2011\/05\/21.jpg\" alt=\"\" width=\"332\" height=\"500\" \/><\/a>Un cl\u00e1sico, me encanta el enjuncado! Foto de la <a title=\"Antonia y Sebasti\u00e1n,\u00a0Arquitectos\" href=\"http:\/\/depto51.cl\/2011\/04\/10\/antonia-y-sebastian-arquitectos\/\" target=\"_blank\">casa de Sebasti\u00e1n<\/a>.<\/p>\n<p style=\"text-align:center;\"><a href=\"http:\/\/depto51.files.wordpress.com\/2011\/05\/mattermatters.jpg\"><img loading=\"lazy\" class=\"aligncenter size-full wp-image-1542\" title=\"mattermatters\" src=\"http:\/\/depto51.files.wordpress.com\/2011\/05\/mattermatters.jpg\" alt=\"\" width=\"500\" height=\"500\" srcset=\"https:\/\/depto51.cl\/blog\/wp-content\/uploads\/2011\/05\/mattermatters.jpg 500w, https:\/\/depto51.cl\/blog\/wp-content\/uploads\/2011\/05\/mattermatters-150x150.jpg 150w, https:\/\/depto51.cl\/blog\/wp-content\/uploads\/2011\/05\/mattermatters-306x306.jpg 306w, https:\/\/depto51.cl\/blog\/wp-content\/uploads\/2011\/05\/mattermatters-225x225.jpg 225w, https:\/\/depto51.cl\/blog\/wp-content\/uploads\/2011\/05\/mattermatters-145x145.jpg 145w\" sizes=\"(max-width: 500px) 100vw, 500px\" \/><\/a>El pintado no s\u00e9, pero el modelo igual est\u00e1 bueno. De <a href=\"http:\/\/www.mattermatters.com\/\" target=\"_blank\">Matter<\/a> (de donde pueden sacar muchas m\u00e1s ideas).<\/p>\n<p style=\"text-align:center;\"><a href=\"http:\/\/depto51.files.wordpress.com\/2011\/05\/mas-decoracion.jpg\"><img loading=\"lazy\" class=\"aligncenter size-full wp-image-1548\" title=\"mas-decoracion\" src=\"http:\/\/depto51.files.wordpress.com\/2011\/05\/mas-decoracion.jpg\" alt=\"\" width=\"433\" height=\"499\" \/><\/a>Este es el que m\u00e1s me gusta de todos. La foto la saqu\u00e9 hace mucho tiempo de la revista <a href=\"http:\/\/masdecoracion.latercera.com\/\" target=\"_blank\">M\u00e1s Decoraci\u00f3n.<\/a><\/p>\n<p style=\"text-align:center;\">Y ahora las otras ideas:<\/p>\n<p style=\"text-align:center;\"><a href=\"http:\/\/depto51.files.wordpress.com\/2011\/05\/apartment-therapy.jpg\"><img loading=\"lazy\" class=\"aligncenter size-full wp-image-1531\" title=\"apartment therapy\" src=\"http:\/\/depto51.files.wordpress.com\/2011\/05\/apartment-therapy.jpg\" alt=\"\" width=\"360\" height=\"450\" \/><\/a>Una escalera (de <a href=\"http:\/\/www.apartmenttherapy.com\/\" target=\"_blank\">Apartment Therapy<\/a>)<\/p>\n<p style=\"text-align:center;\"><a href=\"http:\/\/depto51.files.wordpress.com\/2011\/05\/apartment-therapy21.jpg\"><img loading=\"lazy\" class=\"aligncenter size-full wp-image-1533\" title=\"apartment-therapy2\" src=\"http:\/\/depto51.files.wordpress.com\/2011\/05\/apartment-therapy21.jpg\" alt=\"\" width=\"392\" height=\"500\" \/><\/a>Un par de maletas (tambi\u00e9n de <a href=\"http:\/\/www.apartmenttherapy.com\/\" target=\"_blank\">AT<\/a>)<\/p>\n<p style=\"text-align:center;\">\u00a0<a href=\"http:\/\/depto51.files.wordpress.com\/2011\/05\/apartment-therapy-3.jpg\"><img loading=\"lazy\" title=\"apartment-therapy-3\" src=\"http:\/\/depto51.files.wordpress.com\/2011\/05\/apartment-therapy-3.jpg\" alt=\"\" width=\"500\" height=\"500\" \/><\/a><\/p>\n<p style=\"text-align:center;\">Un balde de metal (foto de <a href=\"http:\/\/ww.apartmenttherapy.com\" target=\"_blank\">AT<\/a>)<\/p>\n<p style=\"text-align:center;\"><a href=\"http:\/\/depto51.files.wordpress.com\/2011\/05\/emmas-design-blogg2.jpg\"><img loading=\"lazy\" class=\"aligncenter size-full wp-image-1540\" title=\"emmas-design-blogg\" src=\"http:\/\/depto51.files.wordpress.com\/2011\/05\/emmas-design-blogg2.jpg\" alt=\"\" width=\"333\" height=\"500\" \/><\/a><\/p>\n<p style=\"text-align:center;\"><a href=\"http:\/\/depto51.files.wordpress.com\/2011\/05\/ellmania.jpg\"><img loading=\"lazy\" class=\"aligncenter size-full wp-image-1538\" title=\"emmas\" src=\"http:\/\/depto51.files.wordpress.com\/2011\/05\/emmas.jpg\" alt=\"\" width=\"397\" height=\"500\" \/><\/a><\/p>\n<p style=\"text-align:center;\"><a href=\"http:\/\/depto51.files.wordpress.com\/2011\/05\/ellmania.jpg\"><img loading=\"lazy\" class=\"aligncenter size-full wp-image-1537\" title=\"ellmania\" src=\"http:\/\/depto51.files.wordpress.com\/2011\/05\/ellmania.jpg\" alt=\"\" width=\"375\" height=\"500\" \/><\/a> Sillas y pisos. Las dos primeras de <a href=\"http:\/\/emmas.blogg.se\/\" target=\"_blank\">Emmas Design Blogg<\/a> y la tercera es de <a href=\"http:\/\/ellmania.elleinterior.se\/\" target=\"_blank\">Ellmania.<\/a><\/p>\n<p style=\"text-align:center;\">Por \u00faltimo, dos menciones especiales:<\/p>\n<p style=\"text-align:center;\"><a href=\"http:\/\/depto51.files.wordpress.com\/2011\/05\/simplygrove.jpg\"><img loading=\"lazy\" class=\"aligncenter size-full wp-image-1545\" title=\"simplygrove\" src=\"http:\/\/depto51.files.wordpress.com\/2011\/05\/simplygrove.jpg\" alt=\"\" width=\"250\" height=\"250\" srcset=\"https:\/\/depto51.cl\/blog\/wp-content\/uploads\/2011\/05\/simplygrove.jpg 250w, https:\/\/depto51.cl\/blog\/wp-content\/uploads\/2011\/05\/simplygrove-150x150.jpg 150w, https:\/\/depto51.cl\/blog\/wp-content\/uploads\/2011\/05\/simplygrove-225x225.jpg 225w, https:\/\/depto51.cl\/blog\/wp-content\/uploads\/2011\/05\/simplygrove-145x145.jpg 145w\" sizes=\"(max-width: 250px) 100vw, 250px\" \/><\/a>Aunque la foto es muy chica, encontr\u00e9 buena la idea de poner una banqueta larga detr\u00e1s de la cama que sirva como velador y al mismo tiempo como soporte para poner cuadros, flores, etc&#8230;(la foto es de <a href=\"http:\/\/simplygrove.com\/\" target=\"_blank\">Simply Grove<\/a>)<\/p>\n<p style=\"text-align:center;\"><a href=\"http:\/\/depto51.files.wordpress.com\/2011\/05\/mieke-dingen.jpg\"><img loading=\"lazy\" class=\"aligncenter size-full wp-image-1543\" title=\"mieke dingen\" src=\"http:\/\/depto51.files.wordpress.com\/2011\/05\/mieke-dingen.jpg\" alt=\"\" width=\"600\" height=\"355\" srcset=\"https:\/\/depto51.cl\/blog\/wp-content\/uploads\/2011\/05\/mieke-dingen.jpg 600w, https:\/\/depto51.cl\/blog\/wp-content\/uploads\/2011\/05\/mieke-dingen-500x295.jpg 500w\" sizes=\"(max-width: 600px) 100vw, 600px\" \/><\/a>Am\u00e9 esta cama-velador-silla del dise\u00f1ador holand\u00e9s <a href=\"http:\/\/www.miekedingen.nl\/\" target=\"_blank\">Mieke Dingen<\/a><\/p>\n","protected":false},"excerpt":{"rendered":"<p>A pedido de Agust\u00edn, me puse a buscar veladores por todas partes. El resultado: de los modelos de veladores que vi, muy pocos me encantaron, peeeero s\u00ed encontr\u00e9 muchas ideas de \u00abveladores alternativos\u00bb, que cumplen la misma funci\u00f3n y que, incluso son m\u00e1s bonitos. As\u00ed que aqu\u00ed vamos, primero con veladores hechos y derechos, y&#8230;<\/p>\n","protected":false},"author":2,"featured_media":1557,"comment_status":"open","ping_status":"open","sticky":false,"template":"","format":"standard","meta":[],"categories":[1],"tags":[39,49],"acf":[],"_links":{"self":[{"href":"https:\/\/depto51.cl\/blog\/wp-json\/wp\/v2\/posts\/1529"}],"collection":[{"href":"https:\/\/depto51.cl\/blog\/wp-json\/wp\/v2\/posts"}],"about":[{"href":"https:\/\/depto51.cl\/blog\/wp-json\/wp\/v2\/types\/post"}],"author":[{"embeddable":true,"href":"https:\/\/depto51.cl\/blog\/wp-json\/wp\/v2\/users\/2"}],"replies":[{"embeddable":true,"href":"https:\/\/depto51.cl\/blog\/wp-json\/wp\/v2\/comments?post=1529"}],"version-history":[{"count":0,"href":"https:\/\/depto51.cl\/blog\/wp-json\/wp\/v2\/posts\/1529\/revisions"}],"wp:featuredmedia":[{"embeddable":true,"href":"https:\/\/depto51.cl\/blog\/wp-json\/wp\/v2\/media\/1557"}],"wp:attachment":[{"href":"https:\/\/depto51.cl\/blog\/wp-json\/wp\/v2\/media?parent=1529"}],"wp:term":[{"taxonomy":"category","embeddable":true,"href":"https:\/\/depto51.cl\/blog\/wp-json\/wp\/v2\/categories?post=1529"},{"taxonomy":"post_tag","embeddable":true,"href":"https:\/\/depto51.cl\/blog\/wp-json\/wp\/v2\/tags?post=1529"}],"curies":[{"name":"wp","href":"https:\/\/api.w.org\/{rel}","templated":true}]}}