

{"id":14847,"date":"2013-07-09T09:12:41","date_gmt":"2013-07-09T13:12:41","guid":{"rendered":"https:\/\/depto51.cl\/blog\/?p=14847"},"modified":"2013-07-09T09:12:41","modified_gmt":"2013-07-09T13:12:41","slug":"inspiracion-en-colores-y-texturas","status":"publish","type":"post","link":"https:\/\/depto51.cl\/blog\/2013\/07\/09\/inspiracion-en-colores-y-texturas\/","title":{"rendered":"Inspiraci\u00f3n en colores y texturas"},"content":{"rendered":"<p>Muchas veces pienso, \u00bfpor qu\u00e9 me gustan tanto los colores? Tengo s\u00ed mis preferencias a la hora de usar en ropa y accesorios, pero eso no me impide afirmar que me gustan todos (todos!) los colores. En mis proyectos de ambientes siempre uso mucho color y ah\u00ed viene la segunda cuesti\u00f3n que hoy por hoy me gusta mucho ver, sentir y pensar: color + texturas o texturas + color, como vos prefieras, es una dupla inseparable. Me gusta pensar en materiales: telas, alfombras, pinturas, madera, pl\u00e1stico, lana, crochet, azulejos, cer\u00e1micas, papel\u2026 la lista es inagotable y por lo tanto tus posibilidades para jugar y crear con esas texturas en mil y un colores tambi\u00e9n. Si no, mir\u00e1 vos mismo estas fotos de ambientes incre\u00edbles como inspiraci\u00f3n.<\/p>\n<p><a href=\"https:\/\/depto51.cl\/blog\/wp-content\/uploads\/2013\/07\/22_285.jpg\"><img loading=\"lazy\" class=\"alignnone size-large wp-image-14848\" alt=\"22_285\" src=\"https:\/\/depto51.cl\/blog\/wp-content\/uploads\/2013\/07\/22_285.jpg\" width=\"600\" height=\"369\" srcset=\"https:\/\/depto51.cl\/blog\/wp-content\/uploads\/2013\/07\/22_285.jpg 600w, https:\/\/depto51.cl\/blog\/wp-content\/uploads\/2013\/07\/22_285-500x307.jpg 500w\" sizes=\"(max-width: 600px) 100vw, 600px\" \/><\/a> <a href=\"https:\/\/depto51.cl\/blog\/wp-content\/uploads\/2013\/07\/191_pinterest.jpg\"><img loading=\"lazy\" class=\"alignnone size-large wp-image-14850\" alt=\"191_pinterest\" src=\"https:\/\/depto51.cl\/blog\/wp-content\/uploads\/2013\/07\/191_pinterest.jpg\" width=\"600\" height=\"600\" srcset=\"https:\/\/depto51.cl\/blog\/wp-content\/uploads\/2013\/07\/191_pinterest.jpg 600w, https:\/\/depto51.cl\/blog\/wp-content\/uploads\/2013\/07\/191_pinterest-500x500.jpg 500w, https:\/\/depto51.cl\/blog\/wp-content\/uploads\/2013\/07\/191_pinterest-150x150.jpg 150w, https:\/\/depto51.cl\/blog\/wp-content\/uploads\/2013\/07\/191_pinterest-306x306.jpg 306w, https:\/\/depto51.cl\/blog\/wp-content\/uploads\/2013\/07\/191_pinterest-225x225.jpg 225w, https:\/\/depto51.cl\/blog\/wp-content\/uploads\/2013\/07\/191_pinterest-145x145.jpg 145w\" sizes=\"(max-width: 600px) 100vw, 600px\" \/><\/a> <a href=\"https:\/\/depto51.cl\/blog\/wp-content\/uploads\/2013\/07\/350_redonline.jpg\"><img loading=\"lazy\" class=\"alignnone size-large wp-image-14851\" alt=\"350_redonline\" src=\"https:\/\/depto51.cl\/blog\/wp-content\/uploads\/2013\/07\/350_redonline.jpg\" width=\"600\" height=\"383\" srcset=\"https:\/\/depto51.cl\/blog\/wp-content\/uploads\/2013\/07\/350_redonline.jpg 600w, https:\/\/depto51.cl\/blog\/wp-content\/uploads\/2013\/07\/350_redonline-500x319.jpg 500w\" sizes=\"(max-width: 600px) 100vw, 600px\" \/><\/a> <a href=\"https:\/\/depto51.cl\/blog\/wp-content\/uploads\/2013\/07\/381_casa-vogue.jpg\"><img loading=\"lazy\" class=\"alignnone size-full wp-image-14852\" alt=\"381_casa vogue\" src=\"https:\/\/depto51.cl\/blog\/wp-content\/uploads\/2013\/07\/381_casa-vogue.jpg\" width=\"600\" height=\"662\" srcset=\"https:\/\/depto51.cl\/blog\/wp-content\/uploads\/2013\/07\/381_casa-vogue.jpg 600w, https:\/\/depto51.cl\/blog\/wp-content\/uploads\/2013\/07\/381_casa-vogue-453x500.jpg 453w\" sizes=\"(max-width: 600px) 100vw, 600px\" \/><\/a><a href=\"https:\/\/depto51.cl\/blog\/wp-content\/uploads\/2013\/07\/77_redonline.jpg\"><img loading=\"lazy\" class=\"alignnone size-full wp-image-14849\" alt=\"77_redonline\" src=\"https:\/\/depto51.cl\/blog\/wp-content\/uploads\/2013\/07\/77_redonline.jpg\" width=\"600\" height=\"300\" srcset=\"https:\/\/depto51.cl\/blog\/wp-content\/uploads\/2013\/07\/77_redonline.jpg 600w, https:\/\/depto51.cl\/blog\/wp-content\/uploads\/2013\/07\/77_redonline-500x250.jpg 500w\" sizes=\"(max-width: 600px) 100vw, 600px\" \/><\/a><\/p>\n<p><a href=\"https:\/\/depto51.cl\/blog\/wp-content\/uploads\/2013\/07\/400_home-life.jpg\"><img loading=\"lazy\" class=\"alignnone size-full wp-image-14853\" alt=\"400_home life\" src=\"https:\/\/depto51.cl\/blog\/wp-content\/uploads\/2013\/07\/400_home-life.jpg\" width=\"600\" height=\"701\" srcset=\"https:\/\/depto51.cl\/blog\/wp-content\/uploads\/2013\/07\/400_home-life.jpg 600w, https:\/\/depto51.cl\/blog\/wp-content\/uploads\/2013\/07\/400_home-life-427x500.jpg 427w\" sizes=\"(max-width: 600px) 100vw, 600px\" \/><\/a><\/p>\n<p>[<a href=\"http:\/\/voguelivingmagazine.tumblr.com\" target=\"_blank\">1<\/a> &#8211; <a href=\"http:\/\/www.skonahem.com\/inspiration\/Mala-med-effektfulla-farger\" target=\"_blank\">2<\/a> &#8211; <a href=\"http:\/\/pinterest.com\/\" target=\"_blank\">3 <\/a>&#8211; <a href=\"http:\/\/www.redonline.co.uk\/\" target=\"_blank\">4<\/a> &#8211; <a href=\"http:\/\/www.athomeinlove.com\/lovely-links\/?utm_source=rss&amp;utm_medium=rss&amp;utm_campaign=lovely-links\" target=\"_blank\">5<\/a> &#8211; <a href=\"http:\/\/casavogue.globo.com\/Interiores\/noticia\/2012\/09\/retro-ganha-forca-em-morada-espanhola.html\" target=\"_blank\">6<\/a> &#8211; <a href=\"http:\/\/virlova75.blogspot.com.br\/2013\/04\/home-apartamento-de-atmosfera-excentrica.html\" target=\"_blank\">7<\/a>\u00a0&#8211;\u00a0<a href=\"http:\/\/www.redonline.co.uk\/\" target=\"_blank\">8<\/a>\u00a0&#8211; <a href=\"http:\/\/www.homelife.com.au\/homes\/galleries\/colourful+melbourne+home+,23967?pos=6\" target=\"_blank\">9<\/a>] Mucho m\u00e1s de lo que me inspira en <a href=\"http:\/\/entreieteconheci.com\/es\/\" target=\"_blank\">Entrei e te conheci<\/a><\/p>\n","protected":false},"excerpt":{"rendered":"<p>Muchas veces pienso, \u00bfpor qu\u00e9 me gustan tanto los colores? Tengo s\u00ed mis preferencias a la hora de usar en ropa y accesorios, pero eso no me impide afirmar que me gustan todos (todos!) los colores. En mis proyectos de ambientes siempre uso mucho color y ah\u00ed viene la segunda cuesti\u00f3n que hoy por hoy&#8230;<\/p>\n","protected":false},"author":21,"featured_media":14852,"comment_status":"open","ping_status":"open","sticky":false,"template":"","format":"standard","meta":[],"categories":[1],"tags":[124],"acf":[],"_links":{"self":[{"href":"https:\/\/depto51.cl\/blog\/wp-json\/wp\/v2\/posts\/14847"}],"collection":[{"href":"https:\/\/depto51.cl\/blog\/wp-json\/wp\/v2\/posts"}],"about":[{"href":"https:\/\/depto51.cl\/blog\/wp-json\/wp\/v2\/types\/post"}],"author":[{"embeddable":true,"href":"https:\/\/depto51.cl\/blog\/wp-json\/wp\/v2\/users\/21"}],"replies":[{"embeddable":true,"href":"https:\/\/depto51.cl\/blog\/wp-json\/wp\/v2\/comments?post=14847"}],"version-history":[{"count":0,"href":"https:\/\/depto51.cl\/blog\/wp-json\/wp\/v2\/posts\/14847\/revisions"}],"wp:featuredmedia":[{"embeddable":true,"href":"https:\/\/depto51.cl\/blog\/wp-json\/wp\/v2\/media\/14852"}],"wp:attachment":[{"href":"https:\/\/depto51.cl\/blog\/wp-json\/wp\/v2\/media?parent=14847"}],"wp:term":[{"taxonomy":"category","embeddable":true,"href":"https:\/\/depto51.cl\/blog\/wp-json\/wp\/v2\/categories?post=14847"},{"taxonomy":"post_tag","embeddable":true,"href":"https:\/\/depto51.cl\/blog\/wp-json\/wp\/v2\/tags?post=14847"}],"curies":[{"name":"wp","href":"https:\/\/api.w.org\/{rel}","templated":true}]}}