

{"id":13284,"date":"2013-04-29T09:03:52","date_gmt":"2013-04-29T13:03:52","guid":{"rendered":"https:\/\/depto51.cl\/blog\/?p=13284"},"modified":"2013-04-29T09:03:52","modified_gmt":"2013-04-29T13:03:52","slug":"terrazas-y-balcones","status":"publish","type":"post","link":"https:\/\/depto51.cl\/blog\/2013\/04\/29\/terrazas-y-balcones\/","title":{"rendered":"Terrazas y balcones"},"content":{"rendered":"<p>Son una parte fundamental de un departamento y sin embargo muchas veces no se aprovecha todo su potencial. Una terraza es lo que permite conectar una casa con el exterior, con la luz natural, con el aire puro (aunque no sea muy puro por estos lados) y es tambi\u00e9n el espacio perfecto para tener un momento de tranquilidad y paz en el d\u00eda. C\u00f3mo la mayor\u00eda de las terrazas y balcones no son muy grandes, hay que ingeni\u00e1rselas para armar un lugar especial y entretenido con pocos metros cuadrados. Ac\u00e1 van algunas ideas.<\/p>\n<p>&nbsp;<\/p>\n<p style=\"text-align: center;\"><a href=\"http:\/\/www.klikk.no\/bolig\/inspirasjonsguiden\/article652550.ece\"><img loading=\"lazy\" class=\"aligncenter size-full wp-image-13287\" alt=\"www.klikk.no:bolig:inspirasjonsguiden\" src=\"https:\/\/depto51.cl\/blog\/wp-content\/uploads\/2013\/04\/www.klikk_.noboliginspirasjonsguiden.jpg\" width=\"500\" height=\"743\" srcset=\"https:\/\/depto51.cl\/blog\/wp-content\/uploads\/2013\/04\/www.klikk_.noboliginspirasjonsguiden.jpg 500w, https:\/\/depto51.cl\/blog\/wp-content\/uploads\/2013\/04\/www.klikk_.noboliginspirasjonsguiden-336x500.jpg 336w\" sizes=\"(max-width: 500px) 100vw, 500px\" \/><\/a><\/p>\n<p><a href=\"http:\/\/www.apartmenttherapy.com\"><img loading=\"lazy\" class=\"size-full wp-image-13393 aligncenter\" alt=\"apartment therapy\" src=\"https:\/\/depto51.cl\/blog\/wp-content\/uploads\/2013\/04\/apartment-therapy.jpg\" width=\"360\" height=\"540\" srcset=\"https:\/\/depto51.cl\/blog\/wp-content\/uploads\/2013\/04\/apartment-therapy.jpg 360w, https:\/\/depto51.cl\/blog\/wp-content\/uploads\/2013\/04\/apartment-therapy-333x500.jpg 333w\" sizes=\"(max-width: 360px) 100vw, 360px\" \/><\/a><\/p>\n<p style=\"text-align: center;\"><a href=\"http:\/\/norskeinteriorblogger.no\/\"><img loading=\"lazy\" class=\"aligncenter size-full wp-image-13285\" alt=\"norskeinteriorblogger.no\" src=\"https:\/\/depto51.cl\/blog\/wp-content\/uploads\/2013\/04\/norskeinteriorblogger.no_.jpg\" width=\"500\" height=\"673\" srcset=\"https:\/\/depto51.cl\/blog\/wp-content\/uploads\/2013\/04\/norskeinteriorblogger.no_.jpg 500w, https:\/\/depto51.cl\/blog\/wp-content\/uploads\/2013\/04\/norskeinteriorblogger.no_-371x500.jpg 371w\" sizes=\"(max-width: 500px) 100vw, 500px\" \/><\/a><\/p>\n<p style=\"text-align: center;\"><a href=\"http:\/\/www.ikea.com\/gb\/en\/catalog\/products\/S29898403\/\"><img loading=\"lazy\" class=\"aligncenter  wp-image-13286\" alt=\"www.ikea.com:gb:en:catalog:products:S29898403:\" src=\"https:\/\/depto51.cl\/blog\/wp-content\/uploads\/2013\/04\/www.ikea_.comgbencatalogproductsS29898403.jpg\" width=\"536\" height=\"401\" srcset=\"https:\/\/depto51.cl\/blog\/wp-content\/uploads\/2013\/04\/www.ikea_.comgbencatalogproductsS29898403.jpg 736w, https:\/\/depto51.cl\/blog\/wp-content\/uploads\/2013\/04\/www.ikea_.comgbencatalogproductsS29898403-500x374.jpg 500w\" sizes=\"(max-width: 536px) 100vw, 536px\" \/><\/a><\/p>\n<p style=\"text-align: center;\"><a href=\"http:\/\/homedesigndecorating.com\"><img loading=\"lazy\" class=\"aligncenter size-full wp-image-13291\" alt=\"homedesigndecorating.com\" src=\"https:\/\/depto51.cl\/blog\/wp-content\/uploads\/2013\/04\/homedesigndecorating.com_.jpg\" width=\"550\" height=\"814\" srcset=\"https:\/\/depto51.cl\/blog\/wp-content\/uploads\/2013\/04\/homedesigndecorating.com_.jpg 550w, https:\/\/depto51.cl\/blog\/wp-content\/uploads\/2013\/04\/homedesigndecorating.com_-337x500.jpg 337w\" sizes=\"(max-width: 550px) 100vw, 550px\" \/><\/a><\/p>\n<p style=\"text-align: center;\"><a href=\"https:\/\/depto51.cl\/blog\/wp-content\/uploads\/2013\/04\/def8770d87c50f02518a15d6938e69b1.jpg\"><img loading=\"lazy\" class=\"aligncenter  wp-image-13290\" alt=\"def8770d87c50f02518a15d6938e69b1\" src=\"https:\/\/depto51.cl\/blog\/wp-content\/uploads\/2013\/04\/def8770d87c50f02518a15d6938e69b1.jpg\" width=\"527\" height=\"691\" srcset=\"https:\/\/depto51.cl\/blog\/wp-content\/uploads\/2013\/04\/def8770d87c50f02518a15d6938e69b1.jpg 733w, https:\/\/depto51.cl\/blog\/wp-content\/uploads\/2013\/04\/def8770d87c50f02518a15d6938e69b1-381x500.jpg 381w\" sizes=\"(max-width: 527px) 100vw, 527px\" \/><\/a><\/p>\n<p>&nbsp;<\/p>\n<p>&nbsp;<\/p>\n","protected":false},"excerpt":{"rendered":"<p>Son una parte fundamental de un departamento y sin embargo muchas veces no se aprovecha todo su potencial. Una terraza es lo que permite conectar una casa con el exterior, con la luz natural, con el aire puro (aunque no sea muy puro por estos lados) y es tambi\u00e9n el espacio perfecto para tener un&#8230;<\/p>\n","protected":false},"author":55,"featured_media":13299,"comment_status":"open","ping_status":"open","sticky":false,"template":"","format":"standard","meta":[],"categories":[10],"tags":[115,61],"acf":[],"_links":{"self":[{"href":"https:\/\/depto51.cl\/blog\/wp-json\/wp\/v2\/posts\/13284"}],"collection":[{"href":"https:\/\/depto51.cl\/blog\/wp-json\/wp\/v2\/posts"}],"about":[{"href":"https:\/\/depto51.cl\/blog\/wp-json\/wp\/v2\/types\/post"}],"author":[{"embeddable":true,"href":"https:\/\/depto51.cl\/blog\/wp-json\/wp\/v2\/users\/55"}],"replies":[{"embeddable":true,"href":"https:\/\/depto51.cl\/blog\/wp-json\/wp\/v2\/comments?post=13284"}],"version-history":[{"count":0,"href":"https:\/\/depto51.cl\/blog\/wp-json\/wp\/v2\/posts\/13284\/revisions"}],"wp:featuredmedia":[{"embeddable":true,"href":"https:\/\/depto51.cl\/blog\/wp-json\/wp\/v2\/media\/13299"}],"wp:attachment":[{"href":"https:\/\/depto51.cl\/blog\/wp-json\/wp\/v2\/media?parent=13284"}],"wp:term":[{"taxonomy":"category","embeddable":true,"href":"https:\/\/depto51.cl\/blog\/wp-json\/wp\/v2\/categories?post=13284"},{"taxonomy":"post_tag","embeddable":true,"href":"https:\/\/depto51.cl\/blog\/wp-json\/wp\/v2\/tags?post=13284"}],"curies":[{"name":"wp","href":"https:\/\/api.w.org\/{rel}","templated":true}]}}