

{"id":13135,"date":"2013-04-12T09:33:34","date_gmt":"2013-04-12T13:33:34","guid":{"rendered":"https:\/\/depto51.cl\/blog\/?p=13135"},"modified":"2013-04-30T09:01:55","modified_gmt":"2013-04-30T13:01:55","slug":"chilenos-en-milan","status":"publish","type":"post","link":"https:\/\/depto51.cl\/blog\/2013\/04\/12\/chilenos-en-milan\/","title":{"rendered":"Chilenos en Mil\u00e1n"},"content":{"rendered":"<p style=\"text-align: left;\">Como muchos de ustedes ya deben saber esta semana se est\u00e1 realizando el Sal\u00f3n del Mueble en Mil\u00e1n, la exhibici\u00f3n m\u00e1s importante del mundo en cuanto a dise\u00f1o, mobiliario e iluminaci\u00f3n. Los dise\u00f1adores chilenos tambi\u00e9n est\u00e1n presentes en este evento en una muestra paralela que se llama Sal\u00f3n Sat\u00e9lite. Son ocho las propuestas que buscan dar cuenta de lo que se est\u00e1 haciendo en nuestro pa\u00eds en cuanto a dise\u00f1o. Aqu\u00ed les mostramos cada una de ellas, un aplauso!<\/p>\n<p style=\"text-align: center;\"><a href=\"https:\/\/depto51.cl\/blog\/wp-content\/uploads\/2013\/04\/64687-m01.jpg\"><img loading=\"lazy\" class=\"alignnone size-full wp-image-13139\" alt=\"64687-m01\" src=\"https:\/\/depto51.cl\/blog\/wp-content\/uploads\/2013\/04\/64687-m01.jpg\" width=\"800\" height=\"533\" srcset=\"https:\/\/depto51.cl\/blog\/wp-content\/uploads\/2013\/04\/64687-m01.jpg 800w, https:\/\/depto51.cl\/blog\/wp-content\/uploads\/2013\/04\/64687-m01-500x333.jpg 500w, https:\/\/depto51.cl\/blog\/wp-content\/uploads\/2013\/04\/64687-m01-600x400.jpg 600w\" sizes=\"(max-width: 800px) 100vw, 800px\" \/><\/a><\/p>\n<p style=\"text-align: center;\">Grullas por Si Studio<a href=\"https:\/\/depto51.cl\/blog\/wp-content\/uploads\/2013\/04\/Ruiz_1-830x1163.jpg\"><img loading=\"lazy\" class=\"alignnone size-large wp-image-13144\" alt=\"Ruiz_1-830x1163\" src=\"https:\/\/depto51.cl\/blog\/wp-content\/uploads\/2013\/04\/Ruiz_1-830x1163-730x1024.jpg\" width=\"730\" height=\"1024\" srcset=\"https:\/\/depto51.cl\/blog\/wp-content\/uploads\/2013\/04\/Ruiz_1-830x1163-730x1024.jpg 730w, https:\/\/depto51.cl\/blog\/wp-content\/uploads\/2013\/04\/Ruiz_1-830x1163-356x500.jpg 356w, https:\/\/depto51.cl\/blog\/wp-content\/uploads\/2013\/04\/Ruiz_1-830x1163.jpg 830w\" sizes=\"(max-width: 730px) 100vw, 730px\" \/><\/a>Silla M100 de Mat\u00edas Ruiz (y que gan\u00f3 premio)<\/p>\n<p style=\"text-align: center;\"><a href=\"https:\/\/depto51.cl\/blog\/wp-content\/uploads\/2013\/04\/Lecaros_2-830x553.jpg\"><img loading=\"lazy\" class=\"alignnone size-large wp-image-13143\" alt=\"Lecaros_2-830x553\" src=\"https:\/\/depto51.cl\/blog\/wp-content\/uploads\/2013\/04\/Lecaros_2-830x553.jpg\" width=\"830\" height=\"553\" srcset=\"https:\/\/depto51.cl\/blog\/wp-content\/uploads\/2013\/04\/Lecaros_2-830x553.jpg 830w, https:\/\/depto51.cl\/blog\/wp-content\/uploads\/2013\/04\/Lecaros_2-830x553-500x333.jpg 500w, https:\/\/depto51.cl\/blog\/wp-content\/uploads\/2013\/04\/Lecaros_2-830x553-600x400.jpg 600w\" sizes=\"(max-width: 830px) 100vw, 830px\" \/><\/a>Perchero Nudos de Isabel Lecaros (pueden ver el post que hicimos sobre sus l\u00e1mparas Rolls <a title=\"L\u00e1mparas Rolls \/ Isabel Lecaros\" href=\"https:\/\/depto51.cl\/blog\/2013\/01\/14\/lamparas-rolls-isabel-lecaros\/\" target=\"_blank\">aqu\u00ed<\/a>)<a href=\"https:\/\/depto51.cl\/blog\/wp-content\/uploads\/2013\/04\/Sien_1-830x748.jpg\"><img loading=\"lazy\" class=\"alignnone size-large wp-image-13145\" alt=\"Sien_1-830x748\" src=\"https:\/\/depto51.cl\/blog\/wp-content\/uploads\/2013\/04\/Sien_1-830x748.jpg\" width=\"830\" height=\"748\" srcset=\"https:\/\/depto51.cl\/blog\/wp-content\/uploads\/2013\/04\/Sien_1-830x748.jpg 830w, https:\/\/depto51.cl\/blog\/wp-content\/uploads\/2013\/04\/Sien_1-830x748-500x450.jpg 500w\" sizes=\"(max-width: 830px) 100vw, 830px\" \/><\/a><\/p>\n<p style=\"text-align: center;\">Silla 2R de Sien<\/p>\n<p style=\"text-align: center;\"><a href=\"https:\/\/depto51.cl\/blog\/wp-content\/uploads\/2013\/04\/Fernandez_3-830x1248.jpg\"><img loading=\"lazy\" class=\"alignnone size-large wp-image-13140\" alt=\"Fernandez_3-830x1248\" src=\"https:\/\/depto51.cl\/blog\/wp-content\/uploads\/2013\/04\/Fernandez_3-830x1248-681x1024.jpg\" width=\"681\" height=\"1024\" srcset=\"https:\/\/depto51.cl\/blog\/wp-content\/uploads\/2013\/04\/Fernandez_3-830x1248-681x1024.jpg 681w, https:\/\/depto51.cl\/blog\/wp-content\/uploads\/2013\/04\/Fernandez_3-830x1248-332x500.jpg 332w, https:\/\/depto51.cl\/blog\/wp-content\/uploads\/2013\/04\/Fernandez_3-830x1248.jpg 830w\" sizes=\"(max-width: 681px) 100vw, 681px\" \/><\/a>Mesa de Mar Dise\u00f1o<\/p>\n<p style=\"text-align: center;\"><a href=\"https:\/\/depto51.cl\/blog\/wp-content\/uploads\/2013\/04\/Hielo_Sur_2-830x498.jpg\"><img loading=\"lazy\" class=\"alignnone size-large wp-image-13141\" alt=\"Hielo_Sur_2-830x498\" src=\"https:\/\/depto51.cl\/blog\/wp-content\/uploads\/2013\/04\/Hielo_Sur_2-830x498.jpg\" width=\"830\" height=\"498\" srcset=\"https:\/\/depto51.cl\/blog\/wp-content\/uploads\/2013\/04\/Hielo_Sur_2-830x498.jpg 830w, https:\/\/depto51.cl\/blog\/wp-content\/uploads\/2013\/04\/Hielo_Sur_2-830x498-500x300.jpg 500w\" sizes=\"(max-width: 830px) 100vw, 830px\" \/><\/a>Mesa de Hielo Sur Dise\u00f1o<\/p>\n<p style=\"text-align: center;\"><a href=\"https:\/\/depto51.cl\/blog\/wp-content\/uploads\/2013\/04\/Wenchuman2.jpg\"><img loading=\"lazy\" class=\"alignnone size-large wp-image-13146\" alt=\"Wenchuman2\" src=\"https:\/\/depto51.cl\/blog\/wp-content\/uploads\/2013\/04\/Wenchuman2-735x1024.jpg\" width=\"735\" height=\"1024\" srcset=\"https:\/\/depto51.cl\/blog\/wp-content\/uploads\/2013\/04\/Wenchuman2-735x1024.jpg 735w, https:\/\/depto51.cl\/blog\/wp-content\/uploads\/2013\/04\/Wenchuman2-359x500.jpg 359w, https:\/\/depto51.cl\/blog\/wp-content\/uploads\/2013\/04\/Wenchuman2.jpg 830w\" sizes=\"(max-width: 735px) 100vw, 735px\" \/><\/a>Sin fin de Wenchuman<\/p>\n<p style=\"text-align: center;\"><a href=\"https:\/\/depto51.cl\/blog\/wp-content\/uploads\/2013\/04\/Johnson_1-830x722.jpg\"><img loading=\"lazy\" class=\"alignnone size-large wp-image-13142\" alt=\"Johnson_1-830x722\" src=\"https:\/\/depto51.cl\/blog\/wp-content\/uploads\/2013\/04\/Johnson_1-830x722.jpg\" width=\"830\" height=\"722\" srcset=\"https:\/\/depto51.cl\/blog\/wp-content\/uploads\/2013\/04\/Johnson_1-830x722.jpg 830w, https:\/\/depto51.cl\/blog\/wp-content\/uploads\/2013\/04\/Johnson_1-830x722-500x434.jpg 500w\" sizes=\"(max-width: 830px) 100vw, 830px\" \/><\/a><\/p>\n<p style=\"text-align: center;\">Revestimientos de cobre por SanJohn<\/p>\n","protected":false},"excerpt":{"rendered":"<p>Como muchos de ustedes ya deben saber esta semana se est\u00e1 realizando el Sal\u00f3n del Mueble en Mil\u00e1n, la exhibici\u00f3n m\u00e1s importante del mundo en cuanto a dise\u00f1o, mobiliario e iluminaci\u00f3n. Los dise\u00f1adores chilenos tambi\u00e9n est\u00e1n presentes en este evento en una muestra paralela que se llama Sal\u00f3n Sat\u00e9lite. Son ocho las propuestas que buscan&#8230;<\/p>\n","protected":false},"author":1,"featured_media":13138,"comment_status":"open","ping_status":"open","sticky":false,"template":"","format":"standard","meta":[],"categories":[13],"tags":[94,120],"acf":[],"_links":{"self":[{"href":"https:\/\/depto51.cl\/blog\/wp-json\/wp\/v2\/posts\/13135"}],"collection":[{"href":"https:\/\/depto51.cl\/blog\/wp-json\/wp\/v2\/posts"}],"about":[{"href":"https:\/\/depto51.cl\/blog\/wp-json\/wp\/v2\/types\/post"}],"author":[{"embeddable":true,"href":"https:\/\/depto51.cl\/blog\/wp-json\/wp\/v2\/users\/1"}],"replies":[{"embeddable":true,"href":"https:\/\/depto51.cl\/blog\/wp-json\/wp\/v2\/comments?post=13135"}],"version-history":[{"count":0,"href":"https:\/\/depto51.cl\/blog\/wp-json\/wp\/v2\/posts\/13135\/revisions"}],"wp:featuredmedia":[{"embeddable":true,"href":"https:\/\/depto51.cl\/blog\/wp-json\/wp\/v2\/media\/13138"}],"wp:attachment":[{"href":"https:\/\/depto51.cl\/blog\/wp-json\/wp\/v2\/media?parent=13135"}],"wp:term":[{"taxonomy":"category","embeddable":true,"href":"https:\/\/depto51.cl\/blog\/wp-json\/wp\/v2\/categories?post=13135"},{"taxonomy":"post_tag","embeddable":true,"href":"https:\/\/depto51.cl\/blog\/wp-json\/wp\/v2\/tags?post=13135"}],"curies":[{"name":"wp","href":"https:\/\/api.w.org\/{rel}","templated":true}]}}