

{"id":12561,"date":"2013-03-22T08:04:39","date_gmt":"2013-03-22T12:04:39","guid":{"rendered":"https:\/\/depto51.cl\/blog\/?p=12561"},"modified":"2018-03-06T12:10:26","modified_gmt":"2018-03-06T16:10:26","slug":"una-pieza-en-tonos-pastel","status":"publish","type":"post","link":"https:\/\/depto51.cl\/blog\/2013\/03\/22\/una-pieza-en-tonos-pastel\/","title":{"rendered":"Una pieza en tonos pastel"},"content":{"rendered":"<p>Aurelie Lecuyer, la estilista y bloggera francesa, hizo una colaboraci\u00f3n con\u00a0<a href=\"http:\/\/www.lab-boutique.com\/\">Lab boutique<\/a>\u00a0y mostr\u00f3 los objetos de la marca que tiene en su casa. Con un estilo muy delicado escogi\u00f3 tonos pasteles complementarios y una cama con tablero de OSB. Unas piedritas geom\u00e9tricas facetadas y un miniflorero acompa\u00f1an la cama. Una lampara\u00a0<a href=\"http:\/\/tienda.depto51.cl\/vendors\/nud\">NUD<\/a>\u00a0(como la m\u00eda!) y un mobil cuelgan del techo para cerrar con broche de oro.<\/p>\n<p><a href=\"https:\/\/depto51.cl\/blog\/wp-content\/uploads\/2013\/03\/NewImage-12.png\"><img loading=\"lazy\" class=\"aligncenter size-full wp-image-12562\" alt=\"NewImage (1)\" src=\"https:\/\/depto51.cl\/blog\/wp-content\/uploads\/2013\/03\/NewImage-12.png\" width=\"600\" height=\"401\" srcset=\"https:\/\/depto51.cl\/blog\/wp-content\/uploads\/2013\/03\/NewImage-12.png 600w, https:\/\/depto51.cl\/blog\/wp-content\/uploads\/2013\/03\/NewImage-12-500x334.png 500w\" sizes=\"(max-width: 600px) 100vw, 600px\" \/><\/a><\/p>\n<p><a href=\"https:\/\/depto51.cl\/blog\/wp-content\/uploads\/2013\/03\/NewImage-21.png\"><img loading=\"lazy\" class=\"aligncenter size-full wp-image-12563\" alt=\"NewImage (2)\" src=\"https:\/\/depto51.cl\/blog\/wp-content\/uploads\/2013\/03\/NewImage-21.png\" width=\"600\" height=\"300\" srcset=\"https:\/\/depto51.cl\/blog\/wp-content\/uploads\/2013\/03\/NewImage-21.png 600w, https:\/\/depto51.cl\/blog\/wp-content\/uploads\/2013\/03\/NewImage-21-500x250.png 500w\" sizes=\"(max-width: 600px) 100vw, 600px\" \/><\/a><\/p>\n<p><a href=\"https:\/\/depto51.cl\/blog\/wp-content\/uploads\/2013\/03\/NewImage-31.png\"><img loading=\"lazy\" class=\"aligncenter size-full wp-image-12564\" alt=\"NewImage (3)\" src=\"https:\/\/depto51.cl\/blog\/wp-content\/uploads\/2013\/03\/NewImage-31.png\" width=\"600\" height=\"396\" srcset=\"https:\/\/depto51.cl\/blog\/wp-content\/uploads\/2013\/03\/NewImage-31.png 600w, https:\/\/depto51.cl\/blog\/wp-content\/uploads\/2013\/03\/NewImage-31-500x330.png 500w\" sizes=\"(max-width: 600px) 100vw, 600px\" \/><\/a><\/p>\n<p><a href=\"https:\/\/depto51.cl\/blog\/wp-content\/uploads\/2013\/03\/NewImage-41.png\"><img loading=\"lazy\" class=\"aligncenter size-full wp-image-12565\" alt=\"NewImage (4)\" src=\"https:\/\/depto51.cl\/blog\/wp-content\/uploads\/2013\/03\/NewImage-41.png\" width=\"600\" height=\"355\" srcset=\"https:\/\/depto51.cl\/blog\/wp-content\/uploads\/2013\/03\/NewImage-41.png 600w, https:\/\/depto51.cl\/blog\/wp-content\/uploads\/2013\/03\/NewImage-41-500x295.png 500w\" sizes=\"(max-width: 600px) 100vw, 600px\" \/><\/a><\/p>\n<p><a href=\"https:\/\/depto51.cl\/blog\/wp-content\/uploads\/2013\/03\/NewImage.png\"><img loading=\"lazy\" class=\"aligncenter size-full wp-image-12566\" alt=\"NewImage\" src=\"https:\/\/depto51.cl\/blog\/wp-content\/uploads\/2013\/03\/NewImage.png\" width=\"600\" height=\"398\" srcset=\"https:\/\/depto51.cl\/blog\/wp-content\/uploads\/2013\/03\/NewImage.png 600w, https:\/\/depto51.cl\/blog\/wp-content\/uploads\/2013\/03\/NewImage-500x331.png 500w\" sizes=\"(max-width: 600px) 100vw, 600px\" \/><\/a><\/p>\n<p>&nbsp;<\/p>\n<p>&nbsp;<\/p>\n<p>&nbsp;<\/p>\n<p>&nbsp;<\/p>\n<p>Nos vemos en <a href=\"http:\/\/www.specadoc.com\">SinPecado<\/a>!<\/p>\n","protected":false},"excerpt":{"rendered":"<p>Aurelie Lecuyer, la estilista y bloggera francesa, hizo una colaboraci\u00f3n con\u00a0Lab boutique\u00a0y mostr\u00f3 los objetos de la marca que tiene en su casa. Con un estilo muy delicado escogi\u00f3 tonos pasteles complementarios y una cama con tablero de OSB. Unas piedritas geom\u00e9tricas facetadas y un miniflorero acompa\u00f1an la cama. Una lampara\u00a0NUD\u00a0(como la m\u00eda!) y un&#8230;<\/p>\n","protected":false},"author":12,"featured_media":12564,"comment_status":"open","ping_status":"open","sticky":false,"template":"","format":"standard","meta":[],"categories":[1],"tags":[39],"acf":[],"_links":{"self":[{"href":"https:\/\/depto51.cl\/blog\/wp-json\/wp\/v2\/posts\/12561"}],"collection":[{"href":"https:\/\/depto51.cl\/blog\/wp-json\/wp\/v2\/posts"}],"about":[{"href":"https:\/\/depto51.cl\/blog\/wp-json\/wp\/v2\/types\/post"}],"author":[{"embeddable":true,"href":"https:\/\/depto51.cl\/blog\/wp-json\/wp\/v2\/users\/12"}],"replies":[{"embeddable":true,"href":"https:\/\/depto51.cl\/blog\/wp-json\/wp\/v2\/comments?post=12561"}],"version-history":[{"count":0,"href":"https:\/\/depto51.cl\/blog\/wp-json\/wp\/v2\/posts\/12561\/revisions"}],"wp:featuredmedia":[{"embeddable":true,"href":"https:\/\/depto51.cl\/blog\/wp-json\/wp\/v2\/media\/12564"}],"wp:attachment":[{"href":"https:\/\/depto51.cl\/blog\/wp-json\/wp\/v2\/media?parent=12561"}],"wp:term":[{"taxonomy":"category","embeddable":true,"href":"https:\/\/depto51.cl\/blog\/wp-json\/wp\/v2\/categories?post=12561"},{"taxonomy":"post_tag","embeddable":true,"href":"https:\/\/depto51.cl\/blog\/wp-json\/wp\/v2\/tags?post=12561"}],"curies":[{"name":"wp","href":"https:\/\/api.w.org\/{rel}","templated":true}]}}