

{"id":12397,"date":"2013-03-19T08:16:29","date_gmt":"2013-03-19T12:16:29","guid":{"rendered":"https:\/\/depto51.cl\/blog\/?p=12397"},"modified":"2018-03-06T12:12:43","modified_gmt":"2018-03-06T16:12:43","slug":"descarga-diseno-para-tu-pantalla-ii","status":"publish","type":"post","link":"https:\/\/depto51.cl\/blog\/2013\/03\/19\/descarga-diseno-para-tu-pantalla-ii\/","title":{"rendered":"DESCARGA: Dise\u00f1o para tu pantalla II"},"content":{"rendered":"<p>Hoy es el turno del wallpaper creado por Andr\u00e9s Herrera, aqu\u00ed les contamos sobre \u00e9l:<\/p>\n<p><em>Estudi\u00f3 Arte en la Universidad Cat\u00f3lica de Chile. Desde su egreso ha desarrollado su trabajo de fot\u00f3grafo e ilustrador colaborando con diversas instituciones y publicaciones. Actualmente se encuentra elaborando proyectos de ilustraci\u00f3n y continuando con su trabajo de fot\u00f3grafo.<\/em><\/p>\n<p><strong>Hagan click <a href=\"https:\/\/depto51.cl\/blog\/wp-content\/uploads\/2013\/03\/andres-herrera.jpg\" target=\"_blank\">aqu\u00ed<\/a> para descargar el wallpaper (1920 x 1200 px)<\/strong><\/p>\n<p><a href=\"https:\/\/depto51.cl\/blog\/wp-content\/uploads\/2013\/03\/andres-herrera.jpg\"><img loading=\"lazy\" class=\"aligncenter size-large wp-image-12384\" alt=\"andres herrera\" src=\"https:\/\/depto51.cl\/blog\/wp-content\/uploads\/2013\/03\/andres-herrera-1024x640.jpg\" width=\"1024\" height=\"640\" srcset=\"https:\/\/depto51.cl\/blog\/wp-content\/uploads\/2013\/03\/andres-herrera-1024x640.jpg 1024w, https:\/\/depto51.cl\/blog\/wp-content\/uploads\/2013\/03\/andres-herrera-500x313.jpg 500w, https:\/\/depto51.cl\/blog\/wp-content\/uploads\/2013\/03\/andres-herrera-768x480.jpg 768w, https:\/\/depto51.cl\/blog\/wp-content\/uploads\/2013\/03\/andres-herrera.jpg 1920w\" sizes=\"(max-width: 1024px) 100vw, 1024px\" \/><\/a><\/p>\n","protected":false},"excerpt":{"rendered":"<p>Hoy es el turno del wallpaper creado por Andr\u00e9s Herrera, aqu\u00ed les contamos sobre \u00e9l: Estudi\u00f3 Arte en la Universidad Cat\u00f3lica de Chile. Desde su egreso ha desarrollado su trabajo de fot\u00f3grafo e ilustrador colaborando con diversas instituciones y publicaciones. Actualmente se encuentra elaborando proyectos de ilustraci\u00f3n y continuando con su trabajo de fot\u00f3grafo. Hagan&#8230;<\/p>\n","protected":false},"author":1,"featured_media":12384,"comment_status":"open","ping_status":"open","sticky":false,"template":"","format":"standard","meta":[],"categories":[1126],"tags":[94,99],"acf":[],"_links":{"self":[{"href":"https:\/\/depto51.cl\/blog\/wp-json\/wp\/v2\/posts\/12397"}],"collection":[{"href":"https:\/\/depto51.cl\/blog\/wp-json\/wp\/v2\/posts"}],"about":[{"href":"https:\/\/depto51.cl\/blog\/wp-json\/wp\/v2\/types\/post"}],"author":[{"embeddable":true,"href":"https:\/\/depto51.cl\/blog\/wp-json\/wp\/v2\/users\/1"}],"replies":[{"embeddable":true,"href":"https:\/\/depto51.cl\/blog\/wp-json\/wp\/v2\/comments?post=12397"}],"version-history":[{"count":0,"href":"https:\/\/depto51.cl\/blog\/wp-json\/wp\/v2\/posts\/12397\/revisions"}],"wp:featuredmedia":[{"embeddable":true,"href":"https:\/\/depto51.cl\/blog\/wp-json\/wp\/v2\/media\/12384"}],"wp:attachment":[{"href":"https:\/\/depto51.cl\/blog\/wp-json\/wp\/v2\/media?parent=12397"}],"wp:term":[{"taxonomy":"category","embeddable":true,"href":"https:\/\/depto51.cl\/blog\/wp-json\/wp\/v2\/categories?post=12397"},{"taxonomy":"post_tag","embeddable":true,"href":"https:\/\/depto51.cl\/blog\/wp-json\/wp\/v2\/tags?post=12397"}],"curies":[{"name":"wp","href":"https:\/\/api.w.org\/{rel}","templated":true}]}}