

{"id":12063,"date":"2013-03-04T23:16:12","date_gmt":"2013-03-05T03:16:12","guid":{"rendered":"https:\/\/depto51.cl\/blog\/?p=12063"},"modified":"2013-06-08T10:12:13","modified_gmt":"2013-06-08T14:12:13","slug":"maria-ignacia-y-francisco-corredora-de-propiedades-y-publicista-2","status":"publish","type":"post","link":"https:\/\/depto51.cl\/blog\/2013\/03\/04\/maria-ignacia-y-francisco-corredora-de-propiedades-y-publicista-2\/","title":{"rendered":"Mar\u00eda Ignacia y Francisco, Corredora de Propiedades y Publicista"},"content":{"rendered":"<div><span style=\"color: #000000;\">Francisco, Mar\u00eda Ignacia y sus hijos Amalia y Manuel viven en esta casa hace ya casi un a\u00f1o. Son amantes de la m\u00fasica, los libros, la fotograf\u00eda y el arte, entre otros. Francisco es m\u00fasico tambi\u00e9n, vocalista del grupo <a href=\"http:\/\/www.myspace.com\/fasatalfa\">Fasat Alfa<\/a>.\u00a0<\/span><\/div>\n<div>\n<div><span style=\"color: #000000;\"><br \/>\n<\/span><\/div>\n<div><span style=\"color: #000000;\">Eligieron esta casa porque est\u00e1 ubicada en uno de los pocos barrios que quedan con todo a la mano: almacenes, supermercado, plazas para que jueguen los ni\u00f1os, etc.<\/span><\/div>\n<div><span style=\"color: #000000;\"><br \/>\n<\/span><\/div>\n<\/div>\n<div><span style=\"color: #000000;\">Ella, tiene estudios de arte y dise\u00f1o, tiene una <a href=\"http:\/\/www.facebook.com\/gampropiedades?ref=ts&amp;fref=ts\">oficina de corretaje propiedades y se dedica a las remodelaciones de casas<\/a>. \u00c9l es publicista y tiene una<a href=\"http:\/\/www.ghpchile.cl\/\"> f\u00e1brica de ventanas de PVC y soluciones ecol\u00f3gicas<\/a>. Cada uno con su especializaci\u00f3n, transformaron esta casa completamente e hicieron de ella una casa muy luminosa, acogedora \u00a0y de espacios f\u00e1cilmente conectados. Usaron materiales encontrados en demoliciones, como las baldosas de los ba\u00f1os y la madera de los muebles de la cocina, que fueron dise\u00f1ados por Mar\u00eda Ignacia.<\/span><\/div>\n<div>\n<div><span style=\"color: #000000;\"><br \/>\n<\/span><\/div>\n<div><span style=\"color: #000000;\">Ac\u00e1 van algunas preguntas que les hicimos,<\/span><\/div>\n<div><span style=\"color: #000000;\"><br \/>\n<\/span><\/div>\n<div><span style=\"color: #000000;\">\u00bfDe d\u00f3nde han sacado las cosas que tienen y cu\u00e1les son sus objetos m\u00e1s preciados?<\/span><\/div>\n<div><\/div>\n<\/div>\n<div><span style=\"color: #000000;\">Las cosas que tenemos mayormente son herencias familiares, hallazgos de ventas de garage y cosas que hemos reutilizado d\u00e1ndole nuevos usos. los objetos regalones son las guitarras, los discos, los libros, los cuadros y cosas hechas por nosotros y los ni\u00f1os.<\/span><\/div>\n<div><\/div>\n<div>\n<div>\n<div><span style=\"color: #000000;\">\u00bfQu\u00e9 les gusta hacer en su casa?<\/span><\/div>\n<div><\/div>\n<\/div>\n<div><span style=\"color: #000000;\">Estar en la cocina, inventando cosas ricas para compartir.\u00a0Muchas transformaciones fueron hechas para poder tener ricos espacios para los ni\u00f1os y para los amigos.\u00a0Tenemos una ventana que se comunica con la terraza como cocina americana y la cocina es abierta hacia el comedor. Se forma un tri\u00e1ngulo que comunica todo. Es muy entretenido.<\/span><\/div>\n<\/div>\n<div><\/div>\n<div>\n<div><span style=\"color: #000000;\">\u00bfDe qui\u00e9nes son sus cuadros?<\/span><\/div>\n<div><\/div>\n<div><span style=\"color: #000000;\"><span style=\"color: #000000;\"><span style=\"color: #000000;\">Hay herencias familiares, algunos grabados hechos por m\u00ed -Mar\u00eda Ignacia- y cuadros de Silvana Iriondo, Cristian Elizalde, Juanita Alliende y Jos\u00e9 Romussi.<\/span><\/span><\/span><\/div>\n<div><\/div>\n<div><span style=\"color: #000000;\"><span style=\"color: #000000;\"><span style=\"color: #000000;\"><span style=\"color: #000000;\"><span style=\"color: #000000;\"><span style=\"color: #000000;\"><span style=\"color: #000000;\"><span style=\"color: #000000;\"><span style=\"color: #000000;\"><span style=\"color: #000000;\"><span style=\"color: #000000;\"><span style=\"color: #000000;\"><span style=\"color: #000000;\"><span style=\"color: #000000;\"><span style=\"color: #000000;\"><span style=\"color: #000000;\"><span style=\"color: #000000;\"><span style=\"color: #000000;\">\n\t\t<style type=\"text\/css\">\n\t\t\t#gallery-1 {\n\t\t\t\tmargin: auto;\n\t\t\t}\n\t\t\t#gallery-1 .gallery-item {\n\t\t\t\tfloat: left;\n\t\t\t\tmargin-top: 10px;\n\t\t\t\ttext-align: center;\n\t\t\t\twidth: 33%;\n\t\t\t}\n\t\t\t#gallery-1 img {\n\t\t\t\tborder: 2px solid #cfcfcf;\n\t\t\t}\n\t\t\t#gallery-1 .gallery-caption {\n\t\t\t\tmargin-left: 0;\n\t\t\t}\n\t\t\t\/* see gallery_shortcode() in wp-includes\/media.php *\/\n\t\t<\/style>\n\t\t<div id='gallery-1' class='gallery galleryid-12063 gallery-columns-3 gallery-size-thumbnail'><dl class='gallery-item'>\n\t\t\t<dt class='gallery-icon landscape'>\n\t\t\t\t<a href='https:\/\/depto51.cl\/blog\/2013\/03\/04\/maria-ignacia-y-francisco-corredora-de-propiedades-y-publicista-2\/living_panorama1-3\/'><img width=\"150\" height=\"150\" src=\"https:\/\/depto51.cl\/blog\/wp-content\/uploads\/2013\/03\/living_Panorama12-150x150.jpg\" class=\"attachment-thumbnail size-thumbnail\" alt=\"\" loading=\"lazy\" srcset=\"https:\/\/depto51.cl\/blog\/wp-content\/uploads\/2013\/03\/living_Panorama12-150x150.jpg 150w, https:\/\/depto51.cl\/blog\/wp-content\/uploads\/2013\/03\/living_Panorama12-225x225.jpg 225w, https:\/\/depto51.cl\/blog\/wp-content\/uploads\/2013\/03\/living_Panorama12-145x145.jpg 145w\" sizes=\"(max-width: 150px) 100vw, 150px\" \/><\/a>\n\t\t\t<\/dt><\/dl><dl class='gallery-item'>\n\t\t\t<dt class='gallery-icon portrait'>\n\t\t\t\t<a href='https:\/\/depto51.cl\/blog\/2013\/03\/04\/maria-ignacia-y-francisco-corredora-de-propiedades-y-publicista-2\/dsc_7155-2\/'><img width=\"150\" height=\"150\" src=\"https:\/\/depto51.cl\/blog\/wp-content\/uploads\/2013\/03\/DSC_71551-150x150.jpg\" class=\"attachment-thumbnail size-thumbnail\" alt=\"\" loading=\"lazy\" srcset=\"https:\/\/depto51.cl\/blog\/wp-content\/uploads\/2013\/03\/DSC_71551-150x150.jpg 150w, https:\/\/depto51.cl\/blog\/wp-content\/uploads\/2013\/03\/DSC_71551-306x306.jpg 306w, https:\/\/depto51.cl\/blog\/wp-content\/uploads\/2013\/03\/DSC_71551-225x225.jpg 225w, https:\/\/depto51.cl\/blog\/wp-content\/uploads\/2013\/03\/DSC_71551-145x145.jpg 145w\" sizes=\"(max-width: 150px) 100vw, 150px\" \/><\/a>\n\t\t\t<\/dt><\/dl><dl class='gallery-item'>\n\t\t\t<dt class='gallery-icon landscape'>\n\t\t\t\t<a href='https:\/\/depto51.cl\/blog\/2013\/03\/04\/maria-ignacia-y-francisco-corredora-de-propiedades-y-publicista-2\/dsc_7156-2\/'><img width=\"150\" height=\"150\" src=\"https:\/\/depto51.cl\/blog\/wp-content\/uploads\/2013\/03\/DSC_71561-150x150.jpg\" class=\"attachment-thumbnail size-thumbnail\" alt=\"\" loading=\"lazy\" srcset=\"https:\/\/depto51.cl\/blog\/wp-content\/uploads\/2013\/03\/DSC_71561-150x150.jpg 150w, https:\/\/depto51.cl\/blog\/wp-content\/uploads\/2013\/03\/DSC_71561-306x306.jpg 306w, https:\/\/depto51.cl\/blog\/wp-content\/uploads\/2013\/03\/DSC_71561-225x225.jpg 225w, https:\/\/depto51.cl\/blog\/wp-content\/uploads\/2013\/03\/DSC_71561-145x145.jpg 145w\" sizes=\"(max-width: 150px) 100vw, 150px\" \/><\/a>\n\t\t\t<\/dt><\/dl><br style=\"clear: both\" \/><dl class='gallery-item'>\n\t\t\t<dt class='gallery-icon portrait'>\n\t\t\t\t<a href='https:\/\/depto51.cl\/blog\/2013\/03\/04\/maria-ignacia-y-francisco-corredora-de-propiedades-y-publicista-2\/dsc_7157-2\/'><img width=\"150\" height=\"150\" src=\"https:\/\/depto51.cl\/blog\/wp-content\/uploads\/2013\/03\/DSC_71571-150x150.jpg\" class=\"attachment-thumbnail size-thumbnail\" alt=\"\" loading=\"lazy\" srcset=\"https:\/\/depto51.cl\/blog\/wp-content\/uploads\/2013\/03\/DSC_71571-150x150.jpg 150w, https:\/\/depto51.cl\/blog\/wp-content\/uploads\/2013\/03\/DSC_71571-306x306.jpg 306w, https:\/\/depto51.cl\/blog\/wp-content\/uploads\/2013\/03\/DSC_71571-225x225.jpg 225w, https:\/\/depto51.cl\/blog\/wp-content\/uploads\/2013\/03\/DSC_71571-145x145.jpg 145w\" sizes=\"(max-width: 150px) 100vw, 150px\" \/><\/a>\n\t\t\t<\/dt><\/dl><dl class='gallery-item'>\n\t\t\t<dt class='gallery-icon landscape'>\n\t\t\t\t<a href='https:\/\/depto51.cl\/blog\/2013\/03\/04\/maria-ignacia-y-francisco-corredora-de-propiedades-y-publicista-2\/dsc_7163-2\/'><img width=\"150\" height=\"150\" src=\"https:\/\/depto51.cl\/blog\/wp-content\/uploads\/2013\/03\/DSC_71631-150x150.jpg\" class=\"attachment-thumbnail size-thumbnail\" alt=\"\" loading=\"lazy\" srcset=\"https:\/\/depto51.cl\/blog\/wp-content\/uploads\/2013\/03\/DSC_71631-150x150.jpg 150w, https:\/\/depto51.cl\/blog\/wp-content\/uploads\/2013\/03\/DSC_71631-306x306.jpg 306w, https:\/\/depto51.cl\/blog\/wp-content\/uploads\/2013\/03\/DSC_71631-225x225.jpg 225w, https:\/\/depto51.cl\/blog\/wp-content\/uploads\/2013\/03\/DSC_71631-145x145.jpg 145w\" sizes=\"(max-width: 150px) 100vw, 150px\" \/><\/a>\n\t\t\t<\/dt><\/dl><dl class='gallery-item'>\n\t\t\t<dt class='gallery-icon portrait'>\n\t\t\t\t<a href='https:\/\/depto51.cl\/blog\/2013\/03\/04\/maria-ignacia-y-francisco-corredora-de-propiedades-y-publicista-2\/dsc_7164-2\/'><img width=\"150\" height=\"150\" src=\"https:\/\/depto51.cl\/blog\/wp-content\/uploads\/2013\/03\/DSC_71641-150x150.jpg\" class=\"attachment-thumbnail size-thumbnail\" alt=\"\" loading=\"lazy\" srcset=\"https:\/\/depto51.cl\/blog\/wp-content\/uploads\/2013\/03\/DSC_71641-150x150.jpg 150w, https:\/\/depto51.cl\/blog\/wp-content\/uploads\/2013\/03\/DSC_71641-306x306.jpg 306w, https:\/\/depto51.cl\/blog\/wp-content\/uploads\/2013\/03\/DSC_71641-225x225.jpg 225w, https:\/\/depto51.cl\/blog\/wp-content\/uploads\/2013\/03\/DSC_71641-145x145.jpg 145w\" sizes=\"(max-width: 150px) 100vw, 150px\" \/><\/a>\n\t\t\t<\/dt><\/dl><br style=\"clear: both\" \/><dl class='gallery-item'>\n\t\t\t<dt class='gallery-icon landscape'>\n\t\t\t\t<a href='https:\/\/depto51.cl\/blog\/2013\/03\/04\/maria-ignacia-y-francisco-corredora-de-propiedades-y-publicista-2\/dsc_7166-2\/'><img width=\"150\" height=\"150\" src=\"https:\/\/depto51.cl\/blog\/wp-content\/uploads\/2013\/03\/DSC_71661-150x150.jpg\" class=\"attachment-thumbnail size-thumbnail\" alt=\"\" loading=\"lazy\" srcset=\"https:\/\/depto51.cl\/blog\/wp-content\/uploads\/2013\/03\/DSC_71661-150x150.jpg 150w, https:\/\/depto51.cl\/blog\/wp-content\/uploads\/2013\/03\/DSC_71661-306x306.jpg 306w, https:\/\/depto51.cl\/blog\/wp-content\/uploads\/2013\/03\/DSC_71661-225x225.jpg 225w, https:\/\/depto51.cl\/blog\/wp-content\/uploads\/2013\/03\/DSC_71661-145x145.jpg 145w\" sizes=\"(max-width: 150px) 100vw, 150px\" \/><\/a>\n\t\t\t<\/dt><\/dl><dl class='gallery-item'>\n\t\t\t<dt class='gallery-icon landscape'>\n\t\t\t\t<a href='https:\/\/depto51.cl\/blog\/2013\/03\/04\/maria-ignacia-y-francisco-corredora-de-propiedades-y-publicista-2\/dsc_7169-2\/'><img width=\"150\" height=\"150\" src=\"https:\/\/depto51.cl\/blog\/wp-content\/uploads\/2013\/03\/DSC_71691-150x150.jpg\" class=\"attachment-thumbnail size-thumbnail\" alt=\"\" loading=\"lazy\" srcset=\"https:\/\/depto51.cl\/blog\/wp-content\/uploads\/2013\/03\/DSC_71691-150x150.jpg 150w, https:\/\/depto51.cl\/blog\/wp-content\/uploads\/2013\/03\/DSC_71691-306x306.jpg 306w, https:\/\/depto51.cl\/blog\/wp-content\/uploads\/2013\/03\/DSC_71691-225x225.jpg 225w, https:\/\/depto51.cl\/blog\/wp-content\/uploads\/2013\/03\/DSC_71691-145x145.jpg 145w\" sizes=\"(max-width: 150px) 100vw, 150px\" \/><\/a>\n\t\t\t<\/dt><\/dl><dl class='gallery-item'>\n\t\t\t<dt class='gallery-icon portrait'>\n\t\t\t\t<a href='https:\/\/depto51.cl\/blog\/2013\/03\/04\/maria-ignacia-y-francisco-corredora-de-propiedades-y-publicista-2\/dsc_7172-2\/'><img width=\"150\" height=\"150\" src=\"https:\/\/depto51.cl\/blog\/wp-content\/uploads\/2013\/03\/DSC_71721-150x150.jpg\" class=\"attachment-thumbnail size-thumbnail\" alt=\"\" loading=\"lazy\" srcset=\"https:\/\/depto51.cl\/blog\/wp-content\/uploads\/2013\/03\/DSC_71721-150x150.jpg 150w, https:\/\/depto51.cl\/blog\/wp-content\/uploads\/2013\/03\/DSC_71721-306x306.jpg 306w, https:\/\/depto51.cl\/blog\/wp-content\/uploads\/2013\/03\/DSC_71721-225x225.jpg 225w, https:\/\/depto51.cl\/blog\/wp-content\/uploads\/2013\/03\/DSC_71721-145x145.jpg 145w\" sizes=\"(max-width: 150px) 100vw, 150px\" \/><\/a>\n\t\t\t<\/dt><\/dl><br style=\"clear: both\" \/><dl class='gallery-item'>\n\t\t\t<dt class='gallery-icon portrait'>\n\t\t\t\t<a href='https:\/\/depto51.cl\/blog\/2013\/03\/04\/maria-ignacia-y-francisco-corredora-de-propiedades-y-publicista-2\/dsc_7174-2\/'><img width=\"150\" height=\"150\" src=\"https:\/\/depto51.cl\/blog\/wp-content\/uploads\/2013\/03\/DSC_71741-150x150.jpg\" class=\"attachment-thumbnail size-thumbnail\" alt=\"\" loading=\"lazy\" srcset=\"https:\/\/depto51.cl\/blog\/wp-content\/uploads\/2013\/03\/DSC_71741-150x150.jpg 150w, https:\/\/depto51.cl\/blog\/wp-content\/uploads\/2013\/03\/DSC_71741-306x306.jpg 306w, https:\/\/depto51.cl\/blog\/wp-content\/uploads\/2013\/03\/DSC_71741-225x225.jpg 225w, https:\/\/depto51.cl\/blog\/wp-content\/uploads\/2013\/03\/DSC_71741-145x145.jpg 145w\" sizes=\"(max-width: 150px) 100vw, 150px\" \/><\/a>\n\t\t\t<\/dt><\/dl><dl class='gallery-item'>\n\t\t\t<dt class='gallery-icon portrait'>\n\t\t\t\t<a href='https:\/\/depto51.cl\/blog\/2013\/03\/04\/maria-ignacia-y-francisco-corredora-de-propiedades-y-publicista-2\/dsc_7176-2\/'><img width=\"150\" height=\"150\" src=\"https:\/\/depto51.cl\/blog\/wp-content\/uploads\/2013\/03\/DSC_71761-150x150.jpg\" class=\"attachment-thumbnail size-thumbnail\" alt=\"\" loading=\"lazy\" srcset=\"https:\/\/depto51.cl\/blog\/wp-content\/uploads\/2013\/03\/DSC_71761-150x150.jpg 150w, https:\/\/depto51.cl\/blog\/wp-content\/uploads\/2013\/03\/DSC_71761-306x306.jpg 306w, https:\/\/depto51.cl\/blog\/wp-content\/uploads\/2013\/03\/DSC_71761-225x225.jpg 225w, https:\/\/depto51.cl\/blog\/wp-content\/uploads\/2013\/03\/DSC_71761-145x145.jpg 145w\" sizes=\"(max-width: 150px) 100vw, 150px\" \/><\/a>\n\t\t\t<\/dt><\/dl><dl class='gallery-item'>\n\t\t\t<dt class='gallery-icon landscape'>\n\t\t\t\t<a href='https:\/\/depto51.cl\/blog\/2013\/03\/04\/maria-ignacia-y-francisco-corredora-de-propiedades-y-publicista-2\/dsc_7180-2\/'><img width=\"150\" height=\"150\" src=\"https:\/\/depto51.cl\/blog\/wp-content\/uploads\/2013\/03\/DSC_71801-150x150.jpg\" class=\"attachment-thumbnail size-thumbnail\" alt=\"\" loading=\"lazy\" srcset=\"https:\/\/depto51.cl\/blog\/wp-content\/uploads\/2013\/03\/DSC_71801-150x150.jpg 150w, https:\/\/depto51.cl\/blog\/wp-content\/uploads\/2013\/03\/DSC_71801-306x306.jpg 306w, https:\/\/depto51.cl\/blog\/wp-content\/uploads\/2013\/03\/DSC_71801-225x225.jpg 225w, https:\/\/depto51.cl\/blog\/wp-content\/uploads\/2013\/03\/DSC_71801-145x145.jpg 145w\" sizes=\"(max-width: 150px) 100vw, 150px\" \/><\/a>\n\t\t\t<\/dt><\/dl><br style=\"clear: both\" \/><dl class='gallery-item'>\n\t\t\t<dt class='gallery-icon portrait'>\n\t\t\t\t<a href='https:\/\/depto51.cl\/blog\/2013\/03\/04\/maria-ignacia-y-francisco-corredora-de-propiedades-y-publicista-2\/dsc_7185-2\/'><img width=\"150\" height=\"150\" src=\"https:\/\/depto51.cl\/blog\/wp-content\/uploads\/2013\/03\/DSC_71851-150x150.jpg\" class=\"attachment-thumbnail size-thumbnail\" alt=\"\" loading=\"lazy\" srcset=\"https:\/\/depto51.cl\/blog\/wp-content\/uploads\/2013\/03\/DSC_71851-150x150.jpg 150w, https:\/\/depto51.cl\/blog\/wp-content\/uploads\/2013\/03\/DSC_71851-306x306.jpg 306w, https:\/\/depto51.cl\/blog\/wp-content\/uploads\/2013\/03\/DSC_71851-225x225.jpg 225w, https:\/\/depto51.cl\/blog\/wp-content\/uploads\/2013\/03\/DSC_71851-145x145.jpg 145w\" sizes=\"(max-width: 150px) 100vw, 150px\" \/><\/a>\n\t\t\t<\/dt><\/dl><dl class='gallery-item'>\n\t\t\t<dt class='gallery-icon landscape'>\n\t\t\t\t<a href='https:\/\/depto51.cl\/blog\/2013\/03\/04\/maria-ignacia-y-francisco-corredora-de-propiedades-y-publicista-2\/dsc_7186-2\/'><img width=\"150\" height=\"150\" src=\"https:\/\/depto51.cl\/blog\/wp-content\/uploads\/2013\/03\/DSC_71861-150x150.jpg\" class=\"attachment-thumbnail size-thumbnail\" alt=\"\" loading=\"lazy\" srcset=\"https:\/\/depto51.cl\/blog\/wp-content\/uploads\/2013\/03\/DSC_71861-150x150.jpg 150w, https:\/\/depto51.cl\/blog\/wp-content\/uploads\/2013\/03\/DSC_71861-306x306.jpg 306w, https:\/\/depto51.cl\/blog\/wp-content\/uploads\/2013\/03\/DSC_71861-225x225.jpg 225w, https:\/\/depto51.cl\/blog\/wp-content\/uploads\/2013\/03\/DSC_71861-145x145.jpg 145w\" sizes=\"(max-width: 150px) 100vw, 150px\" \/><\/a>\n\t\t\t<\/dt><\/dl><dl class='gallery-item'>\n\t\t\t<dt class='gallery-icon portrait'>\n\t\t\t\t<a href='https:\/\/depto51.cl\/blog\/2013\/03\/04\/maria-ignacia-y-francisco-corredora-de-propiedades-y-publicista-2\/dsc_7189-2\/'><img width=\"150\" height=\"150\" src=\"https:\/\/depto51.cl\/blog\/wp-content\/uploads\/2013\/03\/DSC_71891-150x150.jpg\" class=\"attachment-thumbnail size-thumbnail\" alt=\"\" loading=\"lazy\" srcset=\"https:\/\/depto51.cl\/blog\/wp-content\/uploads\/2013\/03\/DSC_71891-150x150.jpg 150w, https:\/\/depto51.cl\/blog\/wp-content\/uploads\/2013\/03\/DSC_71891-306x306.jpg 306w, https:\/\/depto51.cl\/blog\/wp-content\/uploads\/2013\/03\/DSC_71891-225x225.jpg 225w, https:\/\/depto51.cl\/blog\/wp-content\/uploads\/2013\/03\/DSC_71891-145x145.jpg 145w\" sizes=\"(max-width: 150px) 100vw, 150px\" \/><\/a>\n\t\t\t<\/dt><\/dl><br style=\"clear: both\" \/><dl class='gallery-item'>\n\t\t\t<dt class='gallery-icon portrait'>\n\t\t\t\t<a href='https:\/\/depto51.cl\/blog\/2013\/03\/04\/maria-ignacia-y-francisco-corredora-de-propiedades-y-publicista-2\/dsc_7192-2\/'><img width=\"150\" height=\"150\" src=\"https:\/\/depto51.cl\/blog\/wp-content\/uploads\/2013\/03\/DSC_71921-150x150.jpg\" class=\"attachment-thumbnail size-thumbnail\" alt=\"\" loading=\"lazy\" srcset=\"https:\/\/depto51.cl\/blog\/wp-content\/uploads\/2013\/03\/DSC_71921-150x150.jpg 150w, https:\/\/depto51.cl\/blog\/wp-content\/uploads\/2013\/03\/DSC_71921-306x306.jpg 306w, https:\/\/depto51.cl\/blog\/wp-content\/uploads\/2013\/03\/DSC_71921-225x225.jpg 225w, https:\/\/depto51.cl\/blog\/wp-content\/uploads\/2013\/03\/DSC_71921-145x145.jpg 145w\" sizes=\"(max-width: 150px) 100vw, 150px\" \/><\/a>\n\t\t\t<\/dt><\/dl><dl class='gallery-item'>\n\t\t\t<dt class='gallery-icon landscape'>\n\t\t\t\t<a href='https:\/\/depto51.cl\/blog\/2013\/03\/04\/maria-ignacia-y-francisco-corredora-de-propiedades-y-publicista-2\/dsc_7195-2\/'><img width=\"150\" height=\"150\" src=\"https:\/\/depto51.cl\/blog\/wp-content\/uploads\/2013\/03\/DSC_71951-150x150.jpg\" class=\"attachment-thumbnail size-thumbnail\" alt=\"\" loading=\"lazy\" srcset=\"https:\/\/depto51.cl\/blog\/wp-content\/uploads\/2013\/03\/DSC_71951-150x150.jpg 150w, https:\/\/depto51.cl\/blog\/wp-content\/uploads\/2013\/03\/DSC_71951-306x306.jpg 306w, https:\/\/depto51.cl\/blog\/wp-content\/uploads\/2013\/03\/DSC_71951-225x225.jpg 225w, https:\/\/depto51.cl\/blog\/wp-content\/uploads\/2013\/03\/DSC_71951-145x145.jpg 145w\" sizes=\"(max-width: 150px) 100vw, 150px\" \/><\/a>\n\t\t\t<\/dt><\/dl><dl class='gallery-item'>\n\t\t\t<dt class='gallery-icon portrait'>\n\t\t\t\t<a href='https:\/\/depto51.cl\/blog\/2013\/03\/04\/maria-ignacia-y-francisco-corredora-de-propiedades-y-publicista-2\/dsc_7198-2\/'><img width=\"150\" height=\"150\" src=\"https:\/\/depto51.cl\/blog\/wp-content\/uploads\/2013\/03\/DSC_71981-150x150.jpg\" class=\"attachment-thumbnail size-thumbnail\" alt=\"\" loading=\"lazy\" srcset=\"https:\/\/depto51.cl\/blog\/wp-content\/uploads\/2013\/03\/DSC_71981-150x150.jpg 150w, https:\/\/depto51.cl\/blog\/wp-content\/uploads\/2013\/03\/DSC_71981-306x306.jpg 306w, https:\/\/depto51.cl\/blog\/wp-content\/uploads\/2013\/03\/DSC_71981-225x225.jpg 225w, https:\/\/depto51.cl\/blog\/wp-content\/uploads\/2013\/03\/DSC_71981-145x145.jpg 145w\" sizes=\"(max-width: 150px) 100vw, 150px\" \/><\/a>\n\t\t\t<\/dt><\/dl><br style=\"clear: both\" \/><dl class='gallery-item'>\n\t\t\t<dt class='gallery-icon portrait'>\n\t\t\t\t<a href='https:\/\/depto51.cl\/blog\/2013\/03\/04\/maria-ignacia-y-francisco-corredora-de-propiedades-y-publicista-2\/dsc_7203-2\/'><img width=\"150\" height=\"150\" src=\"https:\/\/depto51.cl\/blog\/wp-content\/uploads\/2013\/03\/DSC_72031-150x150.jpg\" class=\"attachment-thumbnail size-thumbnail\" alt=\"\" loading=\"lazy\" srcset=\"https:\/\/depto51.cl\/blog\/wp-content\/uploads\/2013\/03\/DSC_72031-150x150.jpg 150w, https:\/\/depto51.cl\/blog\/wp-content\/uploads\/2013\/03\/DSC_72031-306x306.jpg 306w, https:\/\/depto51.cl\/blog\/wp-content\/uploads\/2013\/03\/DSC_72031-225x225.jpg 225w, https:\/\/depto51.cl\/blog\/wp-content\/uploads\/2013\/03\/DSC_72031-145x145.jpg 145w\" sizes=\"(max-width: 150px) 100vw, 150px\" \/><\/a>\n\t\t\t<\/dt><\/dl><dl class='gallery-item'>\n\t\t\t<dt class='gallery-icon landscape'>\n\t\t\t\t<a href='https:\/\/depto51.cl\/blog\/2013\/03\/04\/maria-ignacia-y-francisco-corredora-de-propiedades-y-publicista-2\/dsc_7205-2\/'><img width=\"150\" height=\"150\" src=\"https:\/\/depto51.cl\/blog\/wp-content\/uploads\/2013\/03\/DSC_72051-150x150.jpg\" class=\"attachment-thumbnail size-thumbnail\" alt=\"\" loading=\"lazy\" srcset=\"https:\/\/depto51.cl\/blog\/wp-content\/uploads\/2013\/03\/DSC_72051-150x150.jpg 150w, https:\/\/depto51.cl\/blog\/wp-content\/uploads\/2013\/03\/DSC_72051-306x306.jpg 306w, https:\/\/depto51.cl\/blog\/wp-content\/uploads\/2013\/03\/DSC_72051-225x225.jpg 225w, https:\/\/depto51.cl\/blog\/wp-content\/uploads\/2013\/03\/DSC_72051-145x145.jpg 145w\" sizes=\"(max-width: 150px) 100vw, 150px\" \/><\/a>\n\t\t\t<\/dt><\/dl><dl class='gallery-item'>\n\t\t\t<dt class='gallery-icon portrait'>\n\t\t\t\t<a href='https:\/\/depto51.cl\/blog\/2013\/03\/04\/maria-ignacia-y-francisco-corredora-de-propiedades-y-publicista-2\/dsc_7212-2\/'><img width=\"150\" height=\"150\" src=\"https:\/\/depto51.cl\/blog\/wp-content\/uploads\/2013\/03\/DSC_72121-150x150.jpg\" class=\"attachment-thumbnail size-thumbnail\" alt=\"\" loading=\"lazy\" srcset=\"https:\/\/depto51.cl\/blog\/wp-content\/uploads\/2013\/03\/DSC_72121-150x150.jpg 150w, https:\/\/depto51.cl\/blog\/wp-content\/uploads\/2013\/03\/DSC_72121-306x306.jpg 306w, https:\/\/depto51.cl\/blog\/wp-content\/uploads\/2013\/03\/DSC_72121-225x225.jpg 225w, https:\/\/depto51.cl\/blog\/wp-content\/uploads\/2013\/03\/DSC_72121-145x145.jpg 145w\" sizes=\"(max-width: 150px) 100vw, 150px\" \/><\/a>\n\t\t\t<\/dt><\/dl><br style=\"clear: both\" \/><dl class='gallery-item'>\n\t\t\t<dt class='gallery-icon landscape'>\n\t\t\t\t<a href='https:\/\/depto51.cl\/blog\/2013\/03\/04\/maria-ignacia-y-francisco-corredora-de-propiedades-y-publicista-2\/dsc_7220-2\/'><img width=\"150\" height=\"150\" src=\"https:\/\/depto51.cl\/blog\/wp-content\/uploads\/2013\/03\/DSC_72201-150x150.jpg\" class=\"attachment-thumbnail size-thumbnail\" alt=\"\" loading=\"lazy\" srcset=\"https:\/\/depto51.cl\/blog\/wp-content\/uploads\/2013\/03\/DSC_72201-150x150.jpg 150w, https:\/\/depto51.cl\/blog\/wp-content\/uploads\/2013\/03\/DSC_72201-306x306.jpg 306w, https:\/\/depto51.cl\/blog\/wp-content\/uploads\/2013\/03\/DSC_72201-225x225.jpg 225w, https:\/\/depto51.cl\/blog\/wp-content\/uploads\/2013\/03\/DSC_72201-145x145.jpg 145w\" sizes=\"(max-width: 150px) 100vw, 150px\" \/><\/a>\n\t\t\t<\/dt><\/dl><dl class='gallery-item'>\n\t\t\t<dt class='gallery-icon portrait'>\n\t\t\t\t<a href='https:\/\/depto51.cl\/blog\/2013\/03\/04\/maria-ignacia-y-francisco-corredora-de-propiedades-y-publicista-2\/dsc_7226-2\/'><img width=\"150\" height=\"150\" src=\"https:\/\/depto51.cl\/blog\/wp-content\/uploads\/2013\/03\/DSC_72261-150x150.jpg\" class=\"attachment-thumbnail size-thumbnail\" alt=\"\" loading=\"lazy\" srcset=\"https:\/\/depto51.cl\/blog\/wp-content\/uploads\/2013\/03\/DSC_72261-150x150.jpg 150w, https:\/\/depto51.cl\/blog\/wp-content\/uploads\/2013\/03\/DSC_72261-306x306.jpg 306w, https:\/\/depto51.cl\/blog\/wp-content\/uploads\/2013\/03\/DSC_72261-225x225.jpg 225w, https:\/\/depto51.cl\/blog\/wp-content\/uploads\/2013\/03\/DSC_72261-145x145.jpg 145w\" sizes=\"(max-width: 150px) 100vw, 150px\" \/><\/a>\n\t\t\t<\/dt><\/dl><dl class='gallery-item'>\n\t\t\t<dt class='gallery-icon portrait'>\n\t\t\t\t<a href='https:\/\/depto51.cl\/blog\/2013\/03\/04\/maria-ignacia-y-francisco-corredora-de-propiedades-y-publicista-2\/dsc_7227-2\/'><img width=\"150\" height=\"150\" src=\"https:\/\/depto51.cl\/blog\/wp-content\/uploads\/2013\/03\/DSC_72271-150x150.jpg\" class=\"attachment-thumbnail size-thumbnail\" alt=\"\" loading=\"lazy\" srcset=\"https:\/\/depto51.cl\/blog\/wp-content\/uploads\/2013\/03\/DSC_72271-150x150.jpg 150w, https:\/\/depto51.cl\/blog\/wp-content\/uploads\/2013\/03\/DSC_72271-306x306.jpg 306w, https:\/\/depto51.cl\/blog\/wp-content\/uploads\/2013\/03\/DSC_72271-225x225.jpg 225w, https:\/\/depto51.cl\/blog\/wp-content\/uploads\/2013\/03\/DSC_72271-145x145.jpg 145w\" sizes=\"(max-width: 150px) 100vw, 150px\" \/><\/a>\n\t\t\t<\/dt><\/dl><br style=\"clear: both\" \/><dl class='gallery-item'>\n\t\t\t<dt class='gallery-icon landscape'>\n\t\t\t\t<a href='https:\/\/depto51.cl\/blog\/2013\/03\/04\/maria-ignacia-y-francisco-corredora-de-propiedades-y-publicista-2\/dsc_7228-2\/'><img width=\"150\" height=\"150\" src=\"https:\/\/depto51.cl\/blog\/wp-content\/uploads\/2013\/03\/DSC_72281-150x150.jpg\" class=\"attachment-thumbnail size-thumbnail\" alt=\"\" loading=\"lazy\" srcset=\"https:\/\/depto51.cl\/blog\/wp-content\/uploads\/2013\/03\/DSC_72281-150x150.jpg 150w, https:\/\/depto51.cl\/blog\/wp-content\/uploads\/2013\/03\/DSC_72281-306x306.jpg 306w, https:\/\/depto51.cl\/blog\/wp-content\/uploads\/2013\/03\/DSC_72281-225x225.jpg 225w, https:\/\/depto51.cl\/blog\/wp-content\/uploads\/2013\/03\/DSC_72281-145x145.jpg 145w\" sizes=\"(max-width: 150px) 100vw, 150px\" \/><\/a>\n\t\t\t<\/dt><\/dl><dl class='gallery-item'>\n\t\t\t<dt class='gallery-icon landscape'>\n\t\t\t\t<a href='https:\/\/depto51.cl\/blog\/2013\/03\/04\/maria-ignacia-y-francisco-corredora-de-propiedades-y-publicista-2\/dsc_7229-2\/'><img width=\"150\" height=\"150\" src=\"https:\/\/depto51.cl\/blog\/wp-content\/uploads\/2013\/03\/DSC_72291-150x150.jpg\" class=\"attachment-thumbnail size-thumbnail\" alt=\"\" loading=\"lazy\" srcset=\"https:\/\/depto51.cl\/blog\/wp-content\/uploads\/2013\/03\/DSC_72291-150x150.jpg 150w, https:\/\/depto51.cl\/blog\/wp-content\/uploads\/2013\/03\/DSC_72291-306x306.jpg 306w, https:\/\/depto51.cl\/blog\/wp-content\/uploads\/2013\/03\/DSC_72291-225x225.jpg 225w, https:\/\/depto51.cl\/blog\/wp-content\/uploads\/2013\/03\/DSC_72291-145x145.jpg 145w\" sizes=\"(max-width: 150px) 100vw, 150px\" \/><\/a>\n\t\t\t<\/dt><\/dl><dl class='gallery-item'>\n\t\t\t<dt class='gallery-icon portrait'>\n\t\t\t\t<a href='https:\/\/depto51.cl\/blog\/2013\/03\/04\/maria-ignacia-y-francisco-corredora-de-propiedades-y-publicista-2\/dsc_7230-2\/'><img width=\"150\" height=\"150\" src=\"https:\/\/depto51.cl\/blog\/wp-content\/uploads\/2013\/03\/DSC_72301-150x150.jpg\" class=\"attachment-thumbnail size-thumbnail\" alt=\"\" loading=\"lazy\" srcset=\"https:\/\/depto51.cl\/blog\/wp-content\/uploads\/2013\/03\/DSC_72301-150x150.jpg 150w, https:\/\/depto51.cl\/blog\/wp-content\/uploads\/2013\/03\/DSC_72301-306x306.jpg 306w, https:\/\/depto51.cl\/blog\/wp-content\/uploads\/2013\/03\/DSC_72301-225x225.jpg 225w, https:\/\/depto51.cl\/blog\/wp-content\/uploads\/2013\/03\/DSC_72301-145x145.jpg 145w\" sizes=\"(max-width: 150px) 100vw, 150px\" \/><\/a>\n\t\t\t<\/dt><\/dl><br style=\"clear: both\" \/><dl class='gallery-item'>\n\t\t\t<dt class='gallery-icon portrait'>\n\t\t\t\t<a href='https:\/\/depto51.cl\/blog\/2013\/03\/04\/maria-ignacia-y-francisco-corredora-de-propiedades-y-publicista-2\/dsc_7231-2\/'><img width=\"150\" height=\"150\" src=\"https:\/\/depto51.cl\/blog\/wp-content\/uploads\/2013\/03\/DSC_72311-150x150.jpg\" class=\"attachment-thumbnail size-thumbnail\" alt=\"\" loading=\"lazy\" srcset=\"https:\/\/depto51.cl\/blog\/wp-content\/uploads\/2013\/03\/DSC_72311-150x150.jpg 150w, https:\/\/depto51.cl\/blog\/wp-content\/uploads\/2013\/03\/DSC_72311-306x306.jpg 306w, https:\/\/depto51.cl\/blog\/wp-content\/uploads\/2013\/03\/DSC_72311-225x225.jpg 225w, https:\/\/depto51.cl\/blog\/wp-content\/uploads\/2013\/03\/DSC_72311-145x145.jpg 145w\" sizes=\"(max-width: 150px) 100vw, 150px\" \/><\/a>\n\t\t\t<\/dt><\/dl><dl class='gallery-item'>\n\t\t\t<dt class='gallery-icon portrait'>\n\t\t\t\t<a href='https:\/\/depto51.cl\/blog\/2013\/03\/04\/maria-ignacia-y-francisco-corredora-de-propiedades-y-publicista-2\/dsc_7241\/'><img width=\"150\" height=\"150\" src=\"https:\/\/depto51.cl\/blog\/wp-content\/uploads\/2013\/03\/DSC_7241-150x150.jpg\" class=\"attachment-thumbnail size-thumbnail\" alt=\"\" loading=\"lazy\" srcset=\"https:\/\/depto51.cl\/blog\/wp-content\/uploads\/2013\/03\/DSC_7241-150x150.jpg 150w, https:\/\/depto51.cl\/blog\/wp-content\/uploads\/2013\/03\/DSC_7241-306x306.jpg 306w, https:\/\/depto51.cl\/blog\/wp-content\/uploads\/2013\/03\/DSC_7241-225x225.jpg 225w, https:\/\/depto51.cl\/blog\/wp-content\/uploads\/2013\/03\/DSC_7241-145x145.jpg 145w\" sizes=\"(max-width: 150px) 100vw, 150px\" \/><\/a>\n\t\t\t<\/dt><\/dl><dl class='gallery-item'>\n\t\t\t<dt class='gallery-icon portrait'>\n\t\t\t\t<a href='https:\/\/depto51.cl\/blog\/2013\/03\/04\/maria-ignacia-y-francisco-corredora-de-propiedades-y-publicista-2\/dsc_7244-2\/'><img width=\"150\" height=\"150\" src=\"https:\/\/depto51.cl\/blog\/wp-content\/uploads\/2013\/03\/DSC_72441-150x150.jpg\" class=\"attachment-thumbnail size-thumbnail\" alt=\"\" loading=\"lazy\" srcset=\"https:\/\/depto51.cl\/blog\/wp-content\/uploads\/2013\/03\/DSC_72441-150x150.jpg 150w, https:\/\/depto51.cl\/blog\/wp-content\/uploads\/2013\/03\/DSC_72441-306x306.jpg 306w, https:\/\/depto51.cl\/blog\/wp-content\/uploads\/2013\/03\/DSC_72441-225x225.jpg 225w, https:\/\/depto51.cl\/blog\/wp-content\/uploads\/2013\/03\/DSC_72441-145x145.jpg 145w\" sizes=\"(max-width: 150px) 100vw, 150px\" \/><\/a>\n\t\t\t<\/dt><\/dl><br style=\"clear: both\" \/><dl class='gallery-item'>\n\t\t\t<dt class='gallery-icon portrait'>\n\t\t\t\t<a href='https:\/\/depto51.cl\/blog\/2013\/03\/04\/maria-ignacia-y-francisco-corredora-de-propiedades-y-publicista-2\/dsc_7246-2\/'><img width=\"150\" height=\"150\" src=\"https:\/\/depto51.cl\/blog\/wp-content\/uploads\/2013\/03\/DSC_72461-150x150.jpg\" class=\"attachment-thumbnail size-thumbnail\" alt=\"\" loading=\"lazy\" srcset=\"https:\/\/depto51.cl\/blog\/wp-content\/uploads\/2013\/03\/DSC_72461-150x150.jpg 150w, https:\/\/depto51.cl\/blog\/wp-content\/uploads\/2013\/03\/DSC_72461-306x306.jpg 306w, https:\/\/depto51.cl\/blog\/wp-content\/uploads\/2013\/03\/DSC_72461-225x225.jpg 225w, https:\/\/depto51.cl\/blog\/wp-content\/uploads\/2013\/03\/DSC_72461-145x145.jpg 145w\" sizes=\"(max-width: 150px) 100vw, 150px\" \/><\/a>\n\t\t\t<\/dt><\/dl><dl class='gallery-item'>\n\t\t\t<dt class='gallery-icon portrait'>\n\t\t\t\t<a href='https:\/\/depto51.cl\/blog\/2013\/03\/04\/maria-ignacia-y-francisco-corredora-de-propiedades-y-publicista-2\/dsc_7248\/'><img width=\"150\" height=\"150\" src=\"https:\/\/depto51.cl\/blog\/wp-content\/uploads\/2013\/03\/DSC_7248-150x150.jpg\" class=\"attachment-thumbnail size-thumbnail\" alt=\"\" loading=\"lazy\" srcset=\"https:\/\/depto51.cl\/blog\/wp-content\/uploads\/2013\/03\/DSC_7248-150x150.jpg 150w, https:\/\/depto51.cl\/blog\/wp-content\/uploads\/2013\/03\/DSC_7248-306x306.jpg 306w, https:\/\/depto51.cl\/blog\/wp-content\/uploads\/2013\/03\/DSC_7248-225x225.jpg 225w, https:\/\/depto51.cl\/blog\/wp-content\/uploads\/2013\/03\/DSC_7248-145x145.jpg 145w\" sizes=\"(max-width: 150px) 100vw, 150px\" \/><\/a>\n\t\t\t<\/dt><\/dl><dl class='gallery-item'>\n\t\t\t<dt class='gallery-icon portrait'>\n\t\t\t\t<a href='https:\/\/depto51.cl\/blog\/2013\/03\/04\/maria-ignacia-y-francisco-corredora-de-propiedades-y-publicista-2\/dsc_7254_1-2\/'><img width=\"150\" height=\"150\" src=\"https:\/\/depto51.cl\/blog\/wp-content\/uploads\/2013\/03\/DSC_7254_11-150x150.jpg\" class=\"attachment-thumbnail size-thumbnail\" alt=\"\" loading=\"lazy\" srcset=\"https:\/\/depto51.cl\/blog\/wp-content\/uploads\/2013\/03\/DSC_7254_11-150x150.jpg 150w, https:\/\/depto51.cl\/blog\/wp-content\/uploads\/2013\/03\/DSC_7254_11-306x306.jpg 306w, https:\/\/depto51.cl\/blog\/wp-content\/uploads\/2013\/03\/DSC_7254_11-225x225.jpg 225w, https:\/\/depto51.cl\/blog\/wp-content\/uploads\/2013\/03\/DSC_7254_11-145x145.jpg 145w\" sizes=\"(max-width: 150px) 100vw, 150px\" \/><\/a>\n\t\t\t<\/dt><\/dl><br style=\"clear: both\" \/><dl class='gallery-item'>\n\t\t\t<dt class='gallery-icon portrait'>\n\t\t\t\t<a href='https:\/\/depto51.cl\/blog\/2013\/03\/04\/maria-ignacia-y-francisco-corredora-de-propiedades-y-publicista-2\/dsc_7261-2\/'><img width=\"150\" height=\"150\" src=\"https:\/\/depto51.cl\/blog\/wp-content\/uploads\/2013\/03\/DSC_72611-150x150.jpg\" class=\"attachment-thumbnail size-thumbnail\" alt=\"\" loading=\"lazy\" srcset=\"https:\/\/depto51.cl\/blog\/wp-content\/uploads\/2013\/03\/DSC_72611-150x150.jpg 150w, https:\/\/depto51.cl\/blog\/wp-content\/uploads\/2013\/03\/DSC_72611-306x306.jpg 306w, https:\/\/depto51.cl\/blog\/wp-content\/uploads\/2013\/03\/DSC_72611-225x225.jpg 225w, https:\/\/depto51.cl\/blog\/wp-content\/uploads\/2013\/03\/DSC_72611-145x145.jpg 145w\" sizes=\"(max-width: 150px) 100vw, 150px\" \/><\/a>\n\t\t\t<\/dt><\/dl><dl class='gallery-item'>\n\t\t\t<dt class='gallery-icon landscape'>\n\t\t\t\t<a href='https:\/\/depto51.cl\/blog\/2013\/03\/04\/maria-ignacia-y-francisco-corredora-de-propiedades-y-publicista-2\/dsc_7264-2\/'><img width=\"150\" height=\"150\" src=\"https:\/\/depto51.cl\/blog\/wp-content\/uploads\/2013\/03\/DSC_72641-150x150.jpg\" class=\"attachment-thumbnail size-thumbnail\" alt=\"\" loading=\"lazy\" srcset=\"https:\/\/depto51.cl\/blog\/wp-content\/uploads\/2013\/03\/DSC_72641-150x150.jpg 150w, https:\/\/depto51.cl\/blog\/wp-content\/uploads\/2013\/03\/DSC_72641-306x306.jpg 306w, https:\/\/depto51.cl\/blog\/wp-content\/uploads\/2013\/03\/DSC_72641-225x225.jpg 225w, https:\/\/depto51.cl\/blog\/wp-content\/uploads\/2013\/03\/DSC_72641-145x145.jpg 145w\" sizes=\"(max-width: 150px) 100vw, 150px\" \/><\/a>\n\t\t\t<\/dt><\/dl>\n\t\t\t<br style='clear: both' \/>\n\t\t<\/div>\n<\/p>\n<p><\/span><\/span><\/span><\/span><\/span><\/span><\/span><\/span><\/span><\/span><\/span><\/span><\/span><\/span><\/span><\/span><\/span><\/span>&nbsp;<\/p>\n<\/div>\n<div>\n<p>&nbsp;<\/p>\n<\/div>\n<\/div>\n","protected":false},"excerpt":{"rendered":"<p>Francisco, Mar\u00eda Ignacia y sus hijos Amalia y Manuel viven en esta casa hace ya casi un a\u00f1o. Son amantes de la m\u00fasica, los libros, la fotograf\u00eda y el arte, entre otros. Francisco es m\u00fasico tambi\u00e9n, vocalista del grupo Fasat Alfa.\u00a0 Eligieron esta casa porque est\u00e1 ubicada en uno de los pocos barrios que quedan&#8230;<\/p>\n","protected":false},"author":4,"featured_media":12071,"comment_status":"open","ping_status":"open","sticky":false,"template":"","format":"standard","meta":[],"categories":[11],"tags":[35,138],"acf":[],"_links":{"self":[{"href":"https:\/\/depto51.cl\/blog\/wp-json\/wp\/v2\/posts\/12063"}],"collection":[{"href":"https:\/\/depto51.cl\/blog\/wp-json\/wp\/v2\/posts"}],"about":[{"href":"https:\/\/depto51.cl\/blog\/wp-json\/wp\/v2\/types\/post"}],"author":[{"embeddable":true,"href":"https:\/\/depto51.cl\/blog\/wp-json\/wp\/v2\/users\/4"}],"replies":[{"embeddable":true,"href":"https:\/\/depto51.cl\/blog\/wp-json\/wp\/v2\/comments?post=12063"}],"version-history":[{"count":0,"href":"https:\/\/depto51.cl\/blog\/wp-json\/wp\/v2\/posts\/12063\/revisions"}],"wp:featuredmedia":[{"embeddable":true,"href":"https:\/\/depto51.cl\/blog\/wp-json\/wp\/v2\/media\/12071"}],"wp:attachment":[{"href":"https:\/\/depto51.cl\/blog\/wp-json\/wp\/v2\/media?parent=12063"}],"wp:term":[{"taxonomy":"category","embeddable":true,"href":"https:\/\/depto51.cl\/blog\/wp-json\/wp\/v2\/categories?post=12063"},{"taxonomy":"post_tag","embeddable":true,"href":"https:\/\/depto51.cl\/blog\/wp-json\/wp\/v2\/tags?post=12063"}],"curies":[{"name":"wp","href":"https:\/\/api.w.org\/{rel}","templated":true}]}}