

{"id":11040,"date":"2013-01-16T08:45:34","date_gmt":"2013-01-16T12:45:34","guid":{"rendered":"https:\/\/depto51.cl\/blog\/?p=11040"},"modified":"2013-10-22T09:40:29","modified_gmt":"2013-10-22T13:40:29","slug":"turismo-en-san-pablo","status":"publish","type":"post","link":"https:\/\/depto51.cl\/blog\/2013\/01\/16\/turismo-en-san-pablo\/","title":{"rendered":"Turismo en Sao Paulo"},"content":{"rendered":"<p>Siempre una u otra persona me pregunta si me gusta vivir en San Pablo. Y siempre digo que es una ciudad que en el primer contacto puede ser que la veas muy gris, muy ruidosa, mucho cemento, te pierdas, no entiendas nada\u2026, es verdad. Pero con el tiempo aprend\u00e9s a quererla. Al menos, es lo que me pas\u00f3 a mi. Me gustan sus contrastes de caos y belleza. Me gusta la identidad que mantienen algunos barrios. Me gusta las oportunidades que genera. Todo al alcance de la mano, todo el tiempo. Imagino que todos los dise\u00f1adores que trabajan inspirados por esta metr\u00f3poli tambi\u00e9n vean belleza en su paisaje urbano. Al menos los objetos y muebles que traigo para compartir son muestra de eso. \u00bfTe dan ganas de venir a conocer \u201cen vivo\u201d esta mega ciudad?<\/p>\n<p>* San Pablo es la capital del estado de San Pablo en Brasil. Una mega ciudad con 11 millones de habitantes y que alcanza 20 millones incluyendo toda la regi\u00f3n metropolitana. [<a href=\"http:\/\/compotaonline.com.br\/fotografos\/copan-por-bel-ribeiro\" target=\"_blank\">Foto de apertura <em>Copan<\/em> por Bel Ribeiro<\/a>]<\/p>\n<p><a href=\"https:\/\/depto51.cl\/blog\/2013\/01\/16\/turismo-en-san-pablo\/saopaulo2-2\/\" rel=\"attachment wp-att-11084\"><img loading=\"lazy\" class=\"alignnone size-large wp-image-11084\" src=\"https:\/\/depto51.cl\/blog\/wp-content\/uploads\/2013\/01\/S\u00e3oPaulo21-1024x496.jpg\" alt=\"\" width=\"1024\" height=\"496\" srcset=\"https:\/\/depto51.cl\/blog\/wp-content\/uploads\/2013\/01\/S\u00e3oPaulo21-1024x496.jpg 1024w, https:\/\/depto51.cl\/blog\/wp-content\/uploads\/2013\/01\/S\u00e3oPaulo21-300x145.jpg 300w\" sizes=\"(max-width: 1024px) 100vw, 1024px\" \/><\/a><\/p>\n<p><a href=\"http:\/\/www.dpot.com.br\/paulo-mendes-da-rocha_d66.aspx#\/produtos\/poltronas\/paulistano_p327\" target=\"_blank\">Silla <em>Paulistano<\/em><\/a>\u00a0dise\u00f1o del a\u00f1o 1958 de Paulo Mendes da Rocha y <a href=\"http:\/\/www.clami.com.br\/produtos_individual\/id.337\/cat_id.22\/sub_cat_id.33\" target=\"_blank\">mesa lateral <\/a><em><a href=\"http:\/\/www.clami.com.br\/produtos_individual\/id.337\/cat_id.22\/sub_cat_id.33\" target=\"_blank\">Liberdade<\/a>,\u00a0<\/em>nombre del barrio japon\u00e9s en San Pablo, de Asa Design.<\/p>\n<p><a href=\"https:\/\/depto51.cl\/blog\/2013\/01\/16\/turismo-en-san-pablo\/saopaulo3\/\" rel=\"attachment wp-att-11077\"><img loading=\"lazy\" class=\"alignnone size-large wp-image-11077\" src=\"https:\/\/depto51.cl\/blog\/wp-content\/uploads\/2013\/01\/S\u00e3oPaulo3-1024x728.jpg\" alt=\"\" width=\"1024\" height=\"728\" srcset=\"https:\/\/depto51.cl\/blog\/wp-content\/uploads\/2013\/01\/S\u00e3oPaulo3-1024x728.jpg 1024w, https:\/\/depto51.cl\/blog\/wp-content\/uploads\/2013\/01\/S\u00e3oPaulo3-300x213.jpg 300w, https:\/\/depto51.cl\/blog\/wp-content\/uploads\/2013\/01\/S\u00e3oPaulo3.jpg 1936w\" sizes=\"(max-width: 1024px) 100vw, 1024px\" \/><\/a><\/p>\n<p>De Amelia Tarozzo dos dise\u00f1os: el <a href=\"http:\/\/www.clami.com.br\/produtos_individual\/id.142\/cat_id.14\/sub_cat_id.0\" target=\"_blank\">aparador <em>Paulistinha<\/em><\/a>\u00a0cuya estampa reproduce el mapa estilizado del estado de San Pablo y <a href=\"http:\/\/www.ameliatarozzo.com.br\/produtos.php?cat=22&amp;id=50\" target=\"_blank\">recamier <em>Ibirapuera<\/em><\/a> cuya base est\u00e1 inspirada en los pilares del Museo Afro Brasil en el Parque Ibirapuera.<\/p>\n<p>&nbsp;<\/p>\n<p><a href=\"https:\/\/depto51.cl\/blog\/2013\/01\/16\/turismo-en-san-pablo\/saopaulo4-2\/\" rel=\"attachment wp-att-11086\"><img loading=\"lazy\" class=\"alignnone size-large wp-image-11086\" src=\"https:\/\/depto51.cl\/blog\/wp-content\/uploads\/2013\/01\/S\u00e3oPaulo41-1024x392.jpg\" alt=\"\" width=\"1024\" height=\"392\" srcset=\"https:\/\/depto51.cl\/blog\/wp-content\/uploads\/2013\/01\/S\u00e3oPaulo41-1024x392.jpg 1024w, https:\/\/depto51.cl\/blog\/wp-content\/uploads\/2013\/01\/S\u00e3oPaulo41-300x115.jpg 300w\" sizes=\"(max-width: 1024px) 100vw, 1024px\" \/><\/a><\/p>\n<p>Pratos de porcelana com un mapa de la ciudad y puntos tur\u00edsticos por Maur\u00edcio Arruda (Foto de la revista Casa Claudia dic.2012)<\/p>\n","protected":false},"excerpt":{"rendered":"<p>Siempre una u otra persona me pregunta si me gusta vivir en San Pablo. Y siempre digo que es una ciudad que en el primer contacto puede ser que la veas muy gris, muy ruidosa, mucho cemento, te pierdas, no entiendas nada\u2026, es verdad. Pero con el tiempo aprend\u00e9s a quererla. Al menos, es lo&#8230;<\/p>\n","protected":false},"author":21,"featured_media":11049,"comment_status":"open","ping_status":"open","sticky":false,"template":"","format":"standard","meta":[],"categories":[1,13],"tags":[176],"acf":[],"_links":{"self":[{"href":"https:\/\/depto51.cl\/blog\/wp-json\/wp\/v2\/posts\/11040"}],"collection":[{"href":"https:\/\/depto51.cl\/blog\/wp-json\/wp\/v2\/posts"}],"about":[{"href":"https:\/\/depto51.cl\/blog\/wp-json\/wp\/v2\/types\/post"}],"author":[{"embeddable":true,"href":"https:\/\/depto51.cl\/blog\/wp-json\/wp\/v2\/users\/21"}],"replies":[{"embeddable":true,"href":"https:\/\/depto51.cl\/blog\/wp-json\/wp\/v2\/comments?post=11040"}],"version-history":[{"count":0,"href":"https:\/\/depto51.cl\/blog\/wp-json\/wp\/v2\/posts\/11040\/revisions"}],"wp:featuredmedia":[{"embeddable":true,"href":"https:\/\/depto51.cl\/blog\/wp-json\/wp\/v2\/media\/11049"}],"wp:attachment":[{"href":"https:\/\/depto51.cl\/blog\/wp-json\/wp\/v2\/media?parent=11040"}],"wp:term":[{"taxonomy":"category","embeddable":true,"href":"https:\/\/depto51.cl\/blog\/wp-json\/wp\/v2\/categories?post=11040"},{"taxonomy":"post_tag","embeddable":true,"href":"https:\/\/depto51.cl\/blog\/wp-json\/wp\/v2\/tags?post=11040"}],"curies":[{"name":"wp","href":"https:\/\/api.w.org\/{rel}","templated":true}]}}